{"id":4612,"date":"2022-10-30T23:14:31","date_gmt":"2022-10-30T21:14:31","guid":{"rendered":"https:\/\/szentistvan.dnyem.hu\/?p=4612"},"modified":"2022-12-25T20:48:15","modified_gmt":"2022-12-25T18:48:15","slug":"egyhazkozsegi-hozzajarulas","status":"publish","type":"post","link":"https:\/\/szentistvan.dnyem.hu\/?p=4612","title":{"rendered":"Egyh\u00e1zk\u00f6zs\u00e9gi hozz\u00e1j\u00e1rul\u00e1s"},"content":{"rendered":"\n<p>Azok a testv\u00e9rek, akik m\u00e9g nem rendezt\u00e9k \u00e9ves egyh\u00e1zk\u00f6zs\u00e9gi hozz\u00e1j\u00e1rul\u00e1sukat, szeretettel k\u00e9rj\u00fck, tegy\u00e9k meg. Befizetni lehet a szentmis\u00e9k ut\u00e1n a sekresty\u00e9ben k\u00e9szp\u00e9nzben vagy \u00e1tutal\u00e1ssal a pl\u00e9b\u00e1niai banksz\u00e1ml\u00e1ra:<\/p>\n\n\n\n<p>Debreceni Szent Istv\u00e1n Pl\u00e9b\u00e1nia<br>4034 Debrecen, Farakt\u00e1r u. 78.<br><strong>11100609 &#8211; 19852252 &#8211; 36000001<\/strong><\/p>\n\n\n\n<p><strong>A k\u00f6zlem\u00e9nybe k\u00e9rj\u00fck, \u00edrj\u00e1k <\/strong><\/p>\n\n\n\n<ul><li><strong>a nevet,<\/strong><\/li><li><strong>a lakc\u00edmet,<\/strong><\/li><li><strong>\u00e9s az &#8220;Egyh\u00e1zk\u00f6zs\u00e9gi hozz\u00e1j\u00e1rul\u00e1s, 2022&#8221; sz\u00f6veget.<\/strong><\/li><\/ul>\n\n\n\n<p>Ebb\u0151l tudjuk a k\u00f6z\u00fczemi sz\u00e1ml\u00e1kat rendezni, a sekresty\u00e9s \u00e9s k\u00e1ntor havi juttat\u00e1s\u00e1t kifizetni \u00e9s a templom liturgikus eszk\u00f6zeit beszerezni. nagyon fontos, hogy ebb\u0151l mindenki kivegye r\u00e9sz\u00e9t. K\u00f6sz\u00f6n\u00f6m azoknak, akik m\u00e1r befizett\u00e9k \u00e9s k\u00f6sz\u00f6n\u00f6m azoknak, akik ennek \u00f6sszegy\u0171jt\u00e9s\u00e9ben seg\u00edtik az egyh\u00e1zk\u00f6zs\u00e9get.<\/p>\n","protected":false},"excerpt":{"rendered":"<p>Azok a testv\u00e9rek, akik m\u00e9g nem rendezt\u00e9k \u00e9ves egyh\u00e1zk\u00f6zs\u00e9gi hozz\u00e1j\u00e1rul\u00e1sukat, szeretettel k\u00e9rj\u00fck, tegy\u00e9k meg. Befizetni lehet a szentmis\u00e9k ut\u00e1n a sekresty\u00e9ben k\u00e9szp\u00e9nzben vagy \u00e1tutal\u00e1ssal a&#8230;<\/p>\n","protected":false},"author":2,"featured_media":0,"comment_status":"closed","ping_status":"open","sticky":false,"template":"","format":"standard","meta":[],"categories":[1],"tags":[],"_links":{"self":[{"href":"https:\/\/szentistvan.dnyem.hu\/index.php?rest_route=\/wp\/v2\/posts\/4612"}],"collection":[{"href":"https:\/\/szentistvan.dnyem.hu\/index.php?rest_route=\/wp\/v2\/posts"}],"about":[{"href":"https:\/\/szentistvan.dnyem.hu\/index.php?rest_route=\/wp\/v2\/types\/post"}],"author":[{"embeddable":true,"href":"https:\/\/szentistvan.dnyem.hu\/index.php?rest_route=\/wp\/v2\/users\/2"}],"replies":[{"embeddable":true,"href":"https:\/\/szentistvan.dnyem.hu\/index.php?rest_route=%2Fwp%2Fv2%2Fcomments&post=4612"}],"version-history":[{"count":5,"href":"https:\/\/szentistvan.dnyem.hu\/index.php?rest_route=\/wp\/v2\/posts\/4612\/revisions"}],"predecessor-version":[{"id":4736,"href":"https:\/\/szentistvan.dnyem.hu\/index.php?rest_route=\/wp\/v2\/posts\/4612\/revisions\/4736"}],"wp:attachment":[{"href":"https:\/\/szentistvan.dnyem.hu\/index.php?rest_route=%2Fwp%2Fv2%2Fmedia&parent=4612"}],"wp:term":[{"taxonomy":"category","embeddable":true,"href":"https:\/\/szentistvan.dnyem.hu\/index.php?rest_route=%2Fwp%2Fv2%2Fcategories&post=4612"},{"taxonomy":"post_tag","embeddable":true,"href":"https:\/\/szentistvan.dnyem.hu\/index.php?rest_route=%2Fwp%2Fv2%2Ftags&post=4612"}],"curies":[{"name":"wp","href":"https:\/\/api.w.org\/{rel}","templated":true}]}}