{"id":461,"date":"2015-11-09T15:30:55","date_gmt":"2015-11-09T14:30:55","guid":{"rendered":"http:\/\/szentistvan.dnyem.hu\/?p=461"},"modified":"2015-11-09T16:04:29","modified_gmt":"2015-11-09T15:04:29","slug":"orgonakoncert","status":"publish","type":"post","link":"https:\/\/szentistvan.dnyem.hu\/?p=461","title":{"rendered":"Orgonakoncert"},"content":{"rendered":"<p>November 15-\u00e9n, vas\u00e1rnap 19.00-t\u0151l a Szent Anna Sz\u00e9kesegyh\u00e1zban Vir\u00e1gh Andr\u00e1s orgonam\u0171v\u00e9sz koncertje. K\u00f6zrem\u0171k\u00f6dik a Vox Antiqua Kamarak\u00f3rus.<\/p>\n","protected":false},"excerpt":{"rendered":"<p>November 15-\u00e9n, vas\u00e1rnap 19.00-t\u0151l a Szent Anna Sz\u00e9kesegyh\u00e1zban Vir\u00e1gh Andr\u00e1s orgonam\u0171v\u00e9sz koncertje. K\u00f6zrem\u0171k\u00f6dik a Vox Antiqua Kamarak\u00f3rus.<\/p>\n","protected":false},"author":2,"featured_media":0,"comment_status":"closed","ping_status":"open","sticky":false,"template":"","format":"standard","meta":[],"categories":[2],"tags":[],"_links":{"self":[{"href":"https:\/\/szentistvan.dnyem.hu\/index.php?rest_route=\/wp\/v2\/posts\/461"}],"collection":[{"href":"https:\/\/szentistvan.dnyem.hu\/index.php?rest_route=\/wp\/v2\/posts"}],"about":[{"href":"https:\/\/szentistvan.dnyem.hu\/index.php?rest_route=\/wp\/v2\/types\/post"}],"author":[{"embeddable":true,"href":"https:\/\/szentistvan.dnyem.hu\/index.php?rest_route=\/wp\/v2\/users\/2"}],"replies":[{"embeddable":true,"href":"https:\/\/szentistvan.dnyem.hu\/index.php?rest_route=%2Fwp%2Fv2%2Fcomments&post=461"}],"version-history":[{"count":1,"href":"https:\/\/szentistvan.dnyem.hu\/index.php?rest_route=\/wp\/v2\/posts\/461\/revisions"}],"predecessor-version":[{"id":462,"href":"https:\/\/szentistvan.dnyem.hu\/index.php?rest_route=\/wp\/v2\/posts\/461\/revisions\/462"}],"wp:attachment":[{"href":"https:\/\/szentistvan.dnyem.hu\/index.php?rest_route=%2Fwp%2Fv2%2Fmedia&parent=461"}],"wp:term":[{"taxonomy":"category","embeddable":true,"href":"https:\/\/szentistvan.dnyem.hu\/index.php?rest_route=%2Fwp%2Fv2%2Fcategories&post=461"},{"taxonomy":"post_tag","embeddable":true,"href":"https:\/\/szentistvan.dnyem.hu\/index.php?rest_route=%2Fwp%2Fv2%2Ftags&post=461"}],"curies":[{"name":"wp","href":"https:\/\/api.w.org\/{rel}","templated":true}]}}