{"id":4598,"date":"2022-10-24T21:41:47","date_gmt":"2022-10-24T19:41:47","guid":{"rendered":"https:\/\/szentistvan.dnyem.hu\/?p=4598"},"modified":"2022-10-24T21:41:47","modified_gmt":"2022-10-24T19:41:47","slug":"maratoni-rozsafuzer","status":"publish","type":"post","link":"https:\/\/szentistvan.dnyem.hu\/?p=4598","title":{"rendered":"Maratoni r\u00f3zsaf\u00fcz\u00e9r"},"content":{"rendered":"\n<p>A <a rel=\"noreferrer noopener\" href=\"https:\/\/www.janospalintezet.hu\/\" target=\"_blank\">Szent II. J\u00e1nos P\u00e1l Int\u00e9zet<\/a> okt\u00f3ber 28-\u00e1n (p\u00e9nteken) egy k\u00fcl\u00f6nleges \u00e9s maratoni r\u00f3zsaf\u00fcz\u00e9s im\u00e1ra h\u00edvja a kedves testv\u00e9reket. A Szent L\u00e1szl\u00f3 Domonkos Templomban 14 \u00f3rakor kezd\u0151d\u0151 im\u00e1ds\u00e1g alkalm\u00e1val mind a n\u00e9gy olvas\u00f3t egym\u00e1s ut\u00e1n elim\u00e1dkozzuk. Az egyes tizedek k\u00f6z\u00f6tt \u00e9nekek \u00e9s szent\u00edr\u00e1si elm\u00e9lked\u00e9sek lesznek. Ezt k\u00f6vet\u0151en, 17 \u00f3r\u00e1t\u00f3l az Int\u00e9zet kiad\u00e1s\u00e1ban megjelen\u0151, <strong>Edward Sri: \u00dagy im\u00e1dkozni a r\u00f3zsaf\u00fcz\u00e9rt, mint m\u00e9g soha<\/strong> c\u00edm\u0171 k\u00f6nyv\u00e9nek a bemutat\u00f3j\u00e1ra h\u00edvjuk a kedves testv\u00e9reket a pl\u00e9b\u00e1nia II. J\u00e1nos P\u00e1l term\u00e9be.<\/p>\n","protected":false},"excerpt":{"rendered":"<p>A Szent II. J\u00e1nos P\u00e1l Int\u00e9zet okt\u00f3ber 28-\u00e1n (p\u00e9nteken) egy k\u00fcl\u00f6nleges \u00e9s maratoni r\u00f3zsaf\u00fcz\u00e9s im\u00e1ra h\u00edvja a kedves testv\u00e9reket. A Szent L\u00e1szl\u00f3 Domonkos Templomban 14&#8230;<\/p>\n","protected":false},"author":2,"featured_media":0,"comment_status":"closed","ping_status":"open","sticky":false,"template":"","format":"standard","meta":[],"categories":[1,9,2],"tags":[],"_links":{"self":[{"href":"https:\/\/szentistvan.dnyem.hu\/index.php?rest_route=\/wp\/v2\/posts\/4598"}],"collection":[{"href":"https:\/\/szentistvan.dnyem.hu\/index.php?rest_route=\/wp\/v2\/posts"}],"about":[{"href":"https:\/\/szentistvan.dnyem.hu\/index.php?rest_route=\/wp\/v2\/types\/post"}],"author":[{"embeddable":true,"href":"https:\/\/szentistvan.dnyem.hu\/index.php?rest_route=\/wp\/v2\/users\/2"}],"replies":[{"embeddable":true,"href":"https:\/\/szentistvan.dnyem.hu\/index.php?rest_route=%2Fwp%2Fv2%2Fcomments&post=4598"}],"version-history":[{"count":1,"href":"https:\/\/szentistvan.dnyem.hu\/index.php?rest_route=\/wp\/v2\/posts\/4598\/revisions"}],"predecessor-version":[{"id":4599,"href":"https:\/\/szentistvan.dnyem.hu\/index.php?rest_route=\/wp\/v2\/posts\/4598\/revisions\/4599"}],"wp:attachment":[{"href":"https:\/\/szentistvan.dnyem.hu\/index.php?rest_route=%2Fwp%2Fv2%2Fmedia&parent=4598"}],"wp:term":[{"taxonomy":"category","embeddable":true,"href":"https:\/\/szentistvan.dnyem.hu\/index.php?rest_route=%2Fwp%2Fv2%2Fcategories&post=4598"},{"taxonomy":"post_tag","embeddable":true,"href":"https:\/\/szentistvan.dnyem.hu\/index.php?rest_route=%2Fwp%2Fv2%2Ftags&post=4598"}],"curies":[{"name":"wp","href":"https:\/\/api.w.org\/{rel}","templated":true}]}}