{"id":4566,"date":"2022-10-11T14:40:01","date_gmt":"2022-10-11T12:40:01","guid":{"rendered":"https:\/\/szentistvan.dnyem.hu\/?p=4566"},"modified":"2022-10-11T14:51:25","modified_gmt":"2022-10-11T12:51:25","slug":"tiszta-szerelem-imaest-2","status":"publish","type":"post","link":"https:\/\/szentistvan.dnyem.hu\/?p=4566","title":{"rendered":"Tiszta szerelem imaest"},"content":{"rendered":"\n<p><strong>A <a rel=\"noreferrer noopener\" href=\"https:\/\/www.janospalintezet.hu\/\" target=\"_blank\">Szent II. J\u00e1nos P\u00e1l Int\u00e9zet<\/a> szeretettel h\u00edvja \u00e9s v\u00e1rja az \u00e9rdekl\u0151d\u0151ket 2002. 10. 14-\u00e9n (p\u00e9nteken) 18:00 \u00f3r\u00e1t\u00f3l a <a href=\"https:\/\/szentlaszlodomonkos.webnode.hu\/\" target=\"_blank\" rel=\"noreferrer noopener\">Szent L\u00e1szl\u00f3 domonkos templomba<\/a> a <a rel=\"noreferrer noopener\" href=\"https:\/\/fiatal.katolikus.hu\/program\/imaest-a-tiszta-szerelemert\/\" target=\"_blank\">Tiszta szerelem imaestre<\/a>. A szentmis\u00e9t k\u00f6vet\u0151en szents\u00e9gim\u00e1d\u00e1s lesz.<\/strong> <\/p>\n\n\n\n<p>Tegy\u00fcnk egy\u00fctt tan\u00fas\u00e1got a vil\u00e1gban Istenr\u0151l! Im\u00e1dkozzunk mindannyian a tan\u00fas\u00e1gt\u00e9tel\u00fckre k\u00e9sz\u00fcl\u0151 fiatalok\u00e9rt \u00e9s a szervez\u00e9sben r\u00e9sztvev\u0151k\u00e9rt!<\/p>\n","protected":false},"excerpt":{"rendered":"<p>A Szent II. J\u00e1nos P\u00e1l Int\u00e9zet szeretettel h\u00edvja \u00e9s v\u00e1rja az \u00e9rdekl\u0151d\u0151ket 2002. 10. 14-\u00e9n (p\u00e9nteken) 18:00 \u00f3r\u00e1t\u00f3l a Szent L\u00e1szl\u00f3 domonkos templomba a Tiszta&#8230;<\/p>\n","protected":false},"author":2,"featured_media":0,"comment_status":"closed","ping_status":"open","sticky":false,"template":"","format":"standard","meta":[],"categories":[1,9,2],"tags":[],"_links":{"self":[{"href":"https:\/\/szentistvan.dnyem.hu\/index.php?rest_route=\/wp\/v2\/posts\/4566"}],"collection":[{"href":"https:\/\/szentistvan.dnyem.hu\/index.php?rest_route=\/wp\/v2\/posts"}],"about":[{"href":"https:\/\/szentistvan.dnyem.hu\/index.php?rest_route=\/wp\/v2\/types\/post"}],"author":[{"embeddable":true,"href":"https:\/\/szentistvan.dnyem.hu\/index.php?rest_route=\/wp\/v2\/users\/2"}],"replies":[{"embeddable":true,"href":"https:\/\/szentistvan.dnyem.hu\/index.php?rest_route=%2Fwp%2Fv2%2Fcomments&post=4566"}],"version-history":[{"count":2,"href":"https:\/\/szentistvan.dnyem.hu\/index.php?rest_route=\/wp\/v2\/posts\/4566\/revisions"}],"predecessor-version":[{"id":4570,"href":"https:\/\/szentistvan.dnyem.hu\/index.php?rest_route=\/wp\/v2\/posts\/4566\/revisions\/4570"}],"wp:attachment":[{"href":"https:\/\/szentistvan.dnyem.hu\/index.php?rest_route=%2Fwp%2Fv2%2Fmedia&parent=4566"}],"wp:term":[{"taxonomy":"category","embeddable":true,"href":"https:\/\/szentistvan.dnyem.hu\/index.php?rest_route=%2Fwp%2Fv2%2Fcategories&post=4566"},{"taxonomy":"post_tag","embeddable":true,"href":"https:\/\/szentistvan.dnyem.hu\/index.php?rest_route=%2Fwp%2Fv2%2Ftags&post=4566"}],"curies":[{"name":"wp","href":"https:\/\/api.w.org\/{rel}","templated":true}]}}