{"id":4553,"date":"2022-10-02T11:38:35","date_gmt":"2022-10-02T09:38:35","guid":{"rendered":"https:\/\/szentistvan.dnyem.hu\/?p=4553"},"modified":"2022-10-02T11:38:35","modified_gmt":"2022-10-02T09:38:35","slug":"elsocsutortok-es-elsopentek","status":"publish","type":"post","link":"https:\/\/szentistvan.dnyem.hu\/?p=4553","title":{"rendered":"Els\u0151cs\u00fct\u00f6rt\u00f6k \u00e9s els\u0151p\u00e9ntek"},"content":{"rendered":"\n<p><strong>Okt\u00f3ber 6-\u00e1n, okt\u00f3ber els\u0151cs\u00fct\u00f6rt\u00f6k\u00e9n papi \u00e9s szerzetesi hivat\u00e1sok\u00e9rt im\u00e1dkozunk 16:00 \u00f3r\u00e1t\u00f3l.<\/strong><\/p>\n\n\n\n<p><strong>Okt\u00f3ber 7-\u00e9n, els\u0151p\u00e9nteken pedig eg\u00e9sz napos szents\u00e9gim\u00e1d\u00e1s lesz 7:30-t\u00f3l 15:00 \u00f3r\u00e1ig. <\/strong>K\u00e9rem, iratkozzanak fel, osszuk be magunkat, hogy mindig legyen valaki, aki a k\u00f6z\u00f6ss\u00e9gb\u0151l itt van J\u00e9zus el\u0151tt.<\/p>\n","protected":false},"excerpt":{"rendered":"<p>Okt\u00f3ber 6-\u00e1n, okt\u00f3ber els\u0151cs\u00fct\u00f6rt\u00f6k\u00e9n papi \u00e9s szerzetesi hivat\u00e1sok\u00e9rt im\u00e1dkozunk 16:00 \u00f3r\u00e1t\u00f3l. Okt\u00f3ber 7-\u00e9n, els\u0151p\u00e9nteken pedig eg\u00e9sz napos szents\u00e9gim\u00e1d\u00e1s lesz 7:30-t\u00f3l 15:00 \u00f3r\u00e1ig. K\u00e9rem, iratkozzanak fel,&#8230;<\/p>\n","protected":false},"author":2,"featured_media":0,"comment_status":"closed","ping_status":"open","sticky":false,"template":"","format":"standard","meta":[],"categories":[1,9,2],"tags":[],"_links":{"self":[{"href":"https:\/\/szentistvan.dnyem.hu\/index.php?rest_route=\/wp\/v2\/posts\/4553"}],"collection":[{"href":"https:\/\/szentistvan.dnyem.hu\/index.php?rest_route=\/wp\/v2\/posts"}],"about":[{"href":"https:\/\/szentistvan.dnyem.hu\/index.php?rest_route=\/wp\/v2\/types\/post"}],"author":[{"embeddable":true,"href":"https:\/\/szentistvan.dnyem.hu\/index.php?rest_route=\/wp\/v2\/users\/2"}],"replies":[{"embeddable":true,"href":"https:\/\/szentistvan.dnyem.hu\/index.php?rest_route=%2Fwp%2Fv2%2Fcomments&post=4553"}],"version-history":[{"count":1,"href":"https:\/\/szentistvan.dnyem.hu\/index.php?rest_route=\/wp\/v2\/posts\/4553\/revisions"}],"predecessor-version":[{"id":4554,"href":"https:\/\/szentistvan.dnyem.hu\/index.php?rest_route=\/wp\/v2\/posts\/4553\/revisions\/4554"}],"wp:attachment":[{"href":"https:\/\/szentistvan.dnyem.hu\/index.php?rest_route=%2Fwp%2Fv2%2Fmedia&parent=4553"}],"wp:term":[{"taxonomy":"category","embeddable":true,"href":"https:\/\/szentistvan.dnyem.hu\/index.php?rest_route=%2Fwp%2Fv2%2Fcategories&post=4553"},{"taxonomy":"post_tag","embeddable":true,"href":"https:\/\/szentistvan.dnyem.hu\/index.php?rest_route=%2Fwp%2Fv2%2Ftags&post=4553"}],"curies":[{"name":"wp","href":"https:\/\/api.w.org\/{rel}","templated":true}]}}