{"id":4551,"date":"2022-10-02T11:34:36","date_gmt":"2022-10-02T09:34:36","guid":{"rendered":"https:\/\/szentistvan.dnyem.hu\/?p=4551"},"modified":"2022-10-02T11:34:36","modified_gmt":"2022-10-02T09:34:36","slug":"tranzitus","status":"publish","type":"post","link":"https:\/\/szentistvan.dnyem.hu\/?p=4551","title":{"rendered":"Tranzitus"},"content":{"rendered":"\n<p><strong>Okt\u00f3ber 3-\u00e1n (h\u00e9tf\u0151n)<\/strong>,  <a rel=\"noreferrer noopener\" href=\"https:\/\/regi.katolikus.hu\/nyomtat.php?h=1390\" target=\"_blank\">Szent Ferenc aty\u00e1nk hal\u00e1l\u00e1nak eml\u00e9kezet\u00e9t tartva<\/a>, az esti szentmise ut\u00e1n a <a rel=\"noreferrer noopener\" href=\"http:\/\/lexikon.katolikus.hu\/T\/transitus.html\" target=\"_blank\">tranzitust <\/a>im\u00e1dkozzuk. Most kiv\u00e9telesen <strong>a k\u00e9pvisel\u0151 test\u00fcleti tagokat im\u00e1ds\u00e1gos egy\u00fcttl\u00e9tre h\u00edvom<\/strong> erre az est\u00e9re: <strong>j\u00f6jjenek el a 17:00 \u00f3rakor kezd\u0151d\u0151 r\u00f3zsaf\u00fcz\u00e9rre, a 17:30-kor kezd\u0151d\u0151 vecserny\u00e9re \u00e9s a 18:00 \u00f3rakor kezd\u0151d\u0151 szentmis\u00e9re is<\/strong>, im\u00e1dkozzanak \u0151k is k\u00f6z\u00f6ss\u00e9g\u00fcnk lelki meg\u00fajul\u00e1s\u00e1\u00e9rt.<\/p>\n","protected":false},"excerpt":{"rendered":"<p>Okt\u00f3ber 3-\u00e1n (h\u00e9tf\u0151n), Szent Ferenc aty\u00e1nk hal\u00e1l\u00e1nak eml\u00e9kezet\u00e9t tartva, az esti szentmise ut\u00e1n a tranzitust im\u00e1dkozzuk. Most kiv\u00e9telesen a k\u00e9pvisel\u0151 test\u00fcleti tagokat im\u00e1ds\u00e1gos egy\u00fcttl\u00e9tre h\u00edvom&#8230;<\/p>\n","protected":false},"author":2,"featured_media":0,"comment_status":"closed","ping_status":"open","sticky":false,"template":"","format":"standard","meta":[],"categories":[1,9,2],"tags":[],"_links":{"self":[{"href":"https:\/\/szentistvan.dnyem.hu\/index.php?rest_route=\/wp\/v2\/posts\/4551"}],"collection":[{"href":"https:\/\/szentistvan.dnyem.hu\/index.php?rest_route=\/wp\/v2\/posts"}],"about":[{"href":"https:\/\/szentistvan.dnyem.hu\/index.php?rest_route=\/wp\/v2\/types\/post"}],"author":[{"embeddable":true,"href":"https:\/\/szentistvan.dnyem.hu\/index.php?rest_route=\/wp\/v2\/users\/2"}],"replies":[{"embeddable":true,"href":"https:\/\/szentistvan.dnyem.hu\/index.php?rest_route=%2Fwp%2Fv2%2Fcomments&post=4551"}],"version-history":[{"count":1,"href":"https:\/\/szentistvan.dnyem.hu\/index.php?rest_route=\/wp\/v2\/posts\/4551\/revisions"}],"predecessor-version":[{"id":4552,"href":"https:\/\/szentistvan.dnyem.hu\/index.php?rest_route=\/wp\/v2\/posts\/4551\/revisions\/4552"}],"wp:attachment":[{"href":"https:\/\/szentistvan.dnyem.hu\/index.php?rest_route=%2Fwp%2Fv2%2Fmedia&parent=4551"}],"wp:term":[{"taxonomy":"category","embeddable":true,"href":"https:\/\/szentistvan.dnyem.hu\/index.php?rest_route=%2Fwp%2Fv2%2Fcategories&post=4551"},{"taxonomy":"post_tag","embeddable":true,"href":"https:\/\/szentistvan.dnyem.hu\/index.php?rest_route=%2Fwp%2Fv2%2Ftags&post=4551"}],"curies":[{"name":"wp","href":"https:\/\/api.w.org\/{rel}","templated":true}]}}