{"id":4544,"date":"2022-09-27T13:45:21","date_gmt":"2022-09-27T11:45:21","guid":{"rendered":"https:\/\/szentistvan.dnyem.hu\/?p=4544"},"modified":"2022-10-24T21:22:24","modified_gmt":"2022-10-24T19:22:24","slug":"oktober-a-rozsafuzer-honapja","status":"publish","type":"post","link":"https:\/\/szentistvan.dnyem.hu\/?p=4544","title":{"rendered":"Okt\u00f3ber: a r\u00f3zsaf\u00fcz\u00e9r h\u00f3napja"},"content":{"rendered":"\n<p><strong>Okt\u00f3ber a Sz\u0171z Any\u00e1nak szentelt h\u00f3nap<\/strong>, a r\u00f3zsaf\u00fcz\u00e9r h\u00f3napja. Minden szentmise el\u0151tt k\u00f6z\u00f6sen im\u00e1dkozzuk. Ezekre az alkalmakra j\u00f6jj\u00fcnk min\u00e9l t\u00f6bben! Buzd\u00edtunk mindenkit, hogy otthon is legal\u00e1bb egy tizedet egy\u00fctt mondjon el a csal\u00e1d. <strong><a rel=\"noreferrer noopener\" href=\"http:\/\/lexikon.katolikus.hu\/T\/teljes%20b%C3%BAcs%C3%BA.html\" target=\"_blank\">Teljes b\u00facs\u00fat<\/a> nyerhet az a h\u00edv\u0151<\/strong>, aki a r\u00f3zsaf\u00fcz\u00e9rt templomban vagy k\u00e1poln\u00e1ban, j\u00e1mbor t\u00e1rsulatban vagy j\u00e1mbor sz\u00e1nd\u00e9kkal egy\u00fctt l\u00e9v\u0151k k\u00f6z\u00f6ss\u00e9g\u00e9ben elim\u00e1dkozza. H\u00e9tf\u0151nk\u00e9nt \u00e9s szombatonk\u00e9nt a Szents\u00e9gi J\u00e9zus el\u0151tt im\u00e1dkozzuk a r\u00f3zsaf\u00fcz\u00e9r im\u00e1ds\u00e1got. Ezzel a ferences aty\u00e1k \u00e1ltal r\u00e1nk hagyott lelki \u00f6r\u00f6ks\u00e9get is \u00e1poljuk.<\/p>\n","protected":false},"excerpt":{"rendered":"<p>Okt\u00f3ber a Sz\u0171z Any\u00e1nak szentelt h\u00f3nap, a r\u00f3zsaf\u00fcz\u00e9r h\u00f3napja. Minden szentmise el\u0151tt k\u00f6z\u00f6sen im\u00e1dkozzuk. Ezekre az alkalmakra j\u00f6jj\u00fcnk min\u00e9l t\u00f6bben! Buzd\u00edtunk mindenkit, hogy otthon is&#8230;<\/p>\n","protected":false},"author":2,"featured_media":0,"comment_status":"closed","ping_status":"open","sticky":false,"template":"","format":"standard","meta":[],"categories":[1,9,2],"tags":[],"_links":{"self":[{"href":"https:\/\/szentistvan.dnyem.hu\/index.php?rest_route=\/wp\/v2\/posts\/4544"}],"collection":[{"href":"https:\/\/szentistvan.dnyem.hu\/index.php?rest_route=\/wp\/v2\/posts"}],"about":[{"href":"https:\/\/szentistvan.dnyem.hu\/index.php?rest_route=\/wp\/v2\/types\/post"}],"author":[{"embeddable":true,"href":"https:\/\/szentistvan.dnyem.hu\/index.php?rest_route=\/wp\/v2\/users\/2"}],"replies":[{"embeddable":true,"href":"https:\/\/szentistvan.dnyem.hu\/index.php?rest_route=%2Fwp%2Fv2%2Fcomments&post=4544"}],"version-history":[{"count":3,"href":"https:\/\/szentistvan.dnyem.hu\/index.php?rest_route=\/wp\/v2\/posts\/4544\/revisions"}],"predecessor-version":[{"id":4593,"href":"https:\/\/szentistvan.dnyem.hu\/index.php?rest_route=\/wp\/v2\/posts\/4544\/revisions\/4593"}],"wp:attachment":[{"href":"https:\/\/szentistvan.dnyem.hu\/index.php?rest_route=%2Fwp%2Fv2%2Fmedia&parent=4544"}],"wp:term":[{"taxonomy":"category","embeddable":true,"href":"https:\/\/szentistvan.dnyem.hu\/index.php?rest_route=%2Fwp%2Fv2%2Fcategories&post=4544"},{"taxonomy":"post_tag","embeddable":true,"href":"https:\/\/szentistvan.dnyem.hu\/index.php?rest_route=%2Fwp%2Fv2%2Ftags&post=4544"}],"curies":[{"name":"wp","href":"https:\/\/api.w.org\/{rel}","templated":true}]}}