{"id":4542,"date":"2022-10-16T22:00:00","date_gmt":"2022-10-16T20:00:00","guid":{"rendered":"https:\/\/szentistvan.dnyem.hu\/?p=4542"},"modified":"2022-10-30T23:18:57","modified_gmt":"2022-10-30T21:18:57","slug":"vegezzuk-buzgon-a-rozsafuzert","status":"publish","type":"post","link":"https:\/\/szentistvan.dnyem.hu\/?p=4542","title":{"rendered":"V\u00e9gezz\u00fck buzg\u00f3n a r\u00f3zsaf\u00fcz\u00e9rt!"},"content":{"rendered":"\n<p><em>Mott\u00f3:<\/em> Ak\u00e1r m\u00e1sokkal, ak\u00e1r egyed\u00fcl im\u00e1dkozol, k\u00e9nyszer\u00edtsd magadat, hogy soha ne megszok\u00e1sb\u00f3l, hanem tudatosan, \u00f6sszeszedetten im\u00e1dkozz\u00e1l.<\/p>\n\n\n\n<p>(r\u00e9szlet a <a href=\"https:\/\/www.migorkat.hu\/gondolatok\/bojti-gondolatok-karacsony-elott-0\" target=\"_blank\" rel=\"noreferrer noopener\">kar\u00e1csony el\u0151tti b\u00f6jti gondolatokb\u00f3l<\/a>)<\/p>\n\n\n\n<p><strong>A katolikus lelki \u00e9let nem k\u00e9pzelhet\u0151 el a r\u00f3zsaf\u00fcz\u00e9r n\u00e9lk\u00fcl.<\/strong><\/p>\n\n\n\n<p>Egy 1957. december 26-\u00e1n folytatott besz\u00e9lget\u00e9sben L\u00facia n\u0151v\u00e9r a k\u00f6vetkez\u0151ket mondta pater Fuentes-nek: \u201eN\u00e9zze atya, a Boldogs\u00e1gos Sz\u0171z M\u00e1ria ezekre az utols\u00f3 id\u0151kre, amiben mi \u00e9l\u00fcnk, a r\u00f3zsaf\u00fcz\u00e9r im\u00e1dkoz\u00e1s\u00e1nak k\u00fcl\u00f6nleges hat\u00e9konys\u00e1got szerzett. Olyan hat\u00e9konys\u00e1got, hogy nincs az a probl\u00e9ma, ak\u00e1r az evil\u00e1gi, ak\u00e1r a szellemi \u00e9letben, ak\u00e1r a priv\u00e1t-, a csal\u00e1di- vagy a k\u00f6z\u00f6ss\u00e9gi \u00e9letben, n\u00e9pek \u00e9s nemzetek sors\u00e1ban \u2013 amit a r\u00f3zsaf\u00fcz\u00e9rrel ne tudn\u00e1nk megoldani!<\/p>\n\n\n\n<p>Ism\u00e9tlem \u00d6nnek, hogy nincs olyan probl\u00e9ma \u2013 b\u00e1rmily s\u00falyos is az \u2013, melyet a szentolvas\u00f3val ne tudn\u00e1nk megoldani.<strong> A r\u00f3zsaf\u00fcz\u00e9rrel fogjuk magunkat megmenteni! A r\u00f3zsaf\u00fcz\u00e9rrel tessz\u00fck magunkat szentt\u00e9. A r\u00f3zsaf\u00fcz\u00e9rrel fogjuk Urunkat \u00e9s Megv\u00e1lt\u00f3nkat megvigasztalni \u00e9s sz\u00e1mos l\u00e9lek megmenek\u00fcl\u00e9s\u00e9t el\u00e9rni!\u201d<\/strong><\/p>\n\n\n\n<ol start=\"2007\"><li>okt\u00f3ber 13-\u00e1n \u00fcnnepelt\u00fck a fatimai csod\u00e1latos napcsoda 90. \u00e9vfordul\u00f3j\u00e1t. B\u00e1r Isten Anyja el\u0151re bejelentette egy csoda bek\u00f6vetkezt\u00e9t, azt senki sem sejtette, m\u00e9g a l\u00e1tnok gyermekek sem, hogy ez mi lesz. A t\u00f6megben sz\u00e1mos k\u00edv\u00e1ncsiskod\u00f3 \u00e9s k\u00e9tked\u0151 is akadt, \u00edgy sz\u00f3 sem lehetett valami fajta szuggeszti\u00f3r\u00f3l, hiszen ehhez kritik\u00e1tlan emberek sz\u00fcks\u00e9geltetnek, akik teljesen \u00e1tadj\u00e1k magukat \u00e9rzelmeiknek \u00e9s \u00edgy \u00e9rtelm\u00fcket n\u00e9mik\u00e9pp kikapcsolj\u00e1k. \u00c9s nem is csak a napcsoda t\u00f6rt\u00e9nt, hanem az is, hogy a csoda ut\u00e1n a jelenlev\u0151k ruh\u00e1i teljesen sz\u00e1razak lettek, holott el\u0151tte a sz\u0171nni nem akar\u00f3 es\u0151ben t\u00f6bb\u00e9-kev\u00e9sb\u00e9 mindenki \u00e1t\u00e1zott. Mindez k\u00f6r\u00fclbel\u00fcl 70 ezer szemtan\u00fa el\u0151tt zajlott le. Az \u00c9g e csod\u00e1val vil\u00e1gosan megmutatta, hogy \u0151 az \u00fczenetek szerz\u0151je.<\/li><\/ol>\n\n\n\n<p>Ma szem\u00fcnk el\u0151tt teljes\u00fcl be mindaz, amit Isten Anyja Fatim\u00e1ban mondott, nevezetesen, hogy Oroszorsz\u00e1g az eg\u00e9sz vil\u00e1gon elterjeszti t\u00e9vtanait. Ez 90 \u00e9vvel ezel\u0151tt kezd\u0151d\u00f6tt, de most is folyamatosan tart tov\u00e1bb. Csak XI. Pius p\u00e1pa 1937. m\u00e1rcius 19-\u00e9n megjelent kommunizmusr\u00f3l sz\u00f3l\u00f3 enciklik\u00e1j\u00e1t kell elolvasni, hogy valaki meg\u00e1llap\u00edthassa, mennyire nem halott a kommunizmus, s\u0151t, hogy tanai az eg\u00e9sz vil\u00e1got egyre jobban uralj\u00e1k, \u00e9s sajnos Anyaszentegyh\u00e1zunkat, a katolikus Egyh\u00e1zat is megm\u00e9rgezik.<br>Hogy magunkat e z\u0171rzavart\u00f3l \u00e9s lelk\u00fcnk elveszt\u00e9s\u00e9t\u0151l megments\u00fck, adta nek\u00fcnk az \u00c9g f\u0151 ellenszerk\u00e9nt a szent r\u00f3zsaf\u00fcz\u00e9rt, amelynek az okt\u00f3ber h\u00f3 k\u00fcl\u00f6n\u00f6s m\u00f3don van felaj\u00e1nlva. A r\u00f3zsaf\u00fcz\u00e9r m\u00e1r \u00e9vsz\u00e1zadok \u00f3ta bebizony\u00edtotta k\u00fcl\u00f6nleges erej\u00e9t. Itt, K\u00f6z\u00e9p-Eur\u00f3p\u00e1ban a t\u00f6r\u00f6k\u00f6k elleni harcban t\u00f6bbsz\u00f6r is a r\u00f3zsaf\u00fcz\u00e9r im\u00e1ds\u00e1gnak k\u00f6sz\u00f6nhett\u00fck a gy\u0151zelmet, csak\u00fagy, ahogy 1955-ben Ausztri\u00e1t is a r\u00f3zsaf\u00fcz\u00e9r mentette meg N\u00e9metorsz\u00e1g sors\u00e1t\u00f3l, a feldarabol\u00e1st\u00f3l.<\/p>\n\n\n\n<p>A r\u00f3zsaf\u00fcz\u00e9r olyan egyszer\u0171 im\u00e1ds\u00e1g. Mindenki mindenhol im\u00e1dkozhatja, \u00e9s ez\u00e1ltal ebben az olyannyira evil\u00e1gi be\u00e1ll\u00edtotts\u00e1g\u00fa, r\u00f6vid \u00e9let\u0171, fel\u00fcletes vil\u00e1gban az igazi, maradand\u00f3 val\u00f3s\u00e1gra gondolhat. A r\u00f3zsaf\u00fcz\u00e9r arra val\u00f3, hogy az \u00f6r\u00f6k val\u00f3s\u00e1gok szeml\u00e9let\u00e9re vezessen. De a r\u00f3zsaf\u00fcz\u00e9rben m\u00e9g a sz\u00e9tsz\u00f3rts\u00e1ggal k\u00fczd\u0151 ember is megtal\u00e1lja azt az eszk\u00f6zt, amivel ez ellen harcolhat \u00e9s lelk\u00e9nek nyugalm\u00e1t megtal\u00e1lhatja.<br>A r\u00f3zsaf\u00fcz\u00e9r titkait egy gyerek is meg\u00e9rti, de a tanult \u00e9s\/vagy szent szint\u00e9n tal\u00e1l t\u00e1pl\u00e1l\u00e9kot benne lelke sz\u00e1m\u00e1ra, mert a kegyelemmel mindig m\u00e9lyebbre \u00e9s m\u00e9lyebbre lehet e titkokba behatolni. Ehhez csak arra van sz\u00fcks\u00e9g, hogy megszabad\u00edtsuk magunkat att\u00f3l, ami lelk\u00fcnknek Istenhez val\u00f3 felemelked\u00e9s\u00e9t g\u00e1tolja. Ez sok minden lehet: napi gondok, k\u00f6teless\u00e9gek, sz\u00fcks\u00e9gek, szenved\u00e9lyek, k\u00eds\u00e9rt\u00e9sek stb. De ne sajn\u00e1ljuk a f\u00e1rads\u00e1got, m\u00e9g akkor sem, ha olykor olyb\u00e1 t\u0171nik, hogy mindennem\u0171 haszon n\u00e9lk\u00fcl im\u00e1dkozunk. Isten l\u00e1tja t\u00f6rekv\u00e9s\u00fcnket \u00e9s kegyelm\u00e9vel jutalmazza azt.<br>A vil\u00e1gban a siker sz\u00e1m\u00edt, az eredm\u00e9ny. A vil\u00e1g m\u00e1s m\u00f3don nem tud jutalmazni. Isten el\u0151tt a f\u00e1radoz\u00e1s sz\u00e1m\u00edt, ami azonban nem sz\u00fcks\u00e9gszer\u0171en nyer \u00e9rzelmi \u00e1h\u00edtattal jutalmaz\u00e1st. Ne az\u00e9rt im\u00e1dkozzunk, hogy ez\u00e9rt jutalmat vagy meghallgat\u00e1st nyerj\u00fcnk, vagy hogy \u00e9rzelemmel \u00e9s \u00e1h\u00edtattal telj\u00fcnk el. A kegyelem nem m\u00e9rhet\u0151 vagy \u00e9rezhet\u0151 valami. A l\u00e9lek el\u0151remenetele sem ebb\u0151l \u00e1ll. \u00c9ppen ez\u00e9rt olyan sz\u00fcks\u00e9ges \u00e9s gy\u00fcm\u00f6lcs\u00f6z\u0151 a szenved\u0151k im\u00e1ja. Sok kegyelem a csal\u00e1dok, a pl\u00e9b\u00e1ni\u00e1k, az Egyh\u00e1z mint eg\u00e9sz sz\u00e1m\u00e1ra, ered a szenved\u0151k \u00e9s a betegek im\u00e1ib\u00f3l. Milyen sok kegyelem veszik el a haszontalan id\u0151t\u00f6lt\u00e9sek \u00e1ltal! A k\u00f6nnyen es\u0151 im\u00e1dkoz\u00e1s nem az igazi szeretet jele. A szeretet akkor mutatkozik meg, ha az im\u00e1dkoz\u00e1s neh\u00e9zz\u00e9 v\u00e1lik. Az\u00e9rt tal\u00e1lunk olyan kev\u00e9s igazi, tart\u00f3s szeretetet ebben a vil\u00e1gban, mert sokan nem tartanak ki, amikor az im\u00e1dkoz\u00e1s nehez\u00fckre esik.<\/p>\n\n\n\n<p><strong>A katolikusok k\u00f6r\u00e9ben norm\u00e1lisnak kell lennie, hogy mindenki naponta im\u00e1dkozza a r\u00f3zsaf\u00fcz\u00e9rt. Ez legf\u0151k\u00e9ppen a csal\u00e1dokban fontos.<\/strong> B\u00e1r elmulaszt\u00e1sa nem esik a s\u00falyos b\u0171n\u00f6k al\u00e1, de ahogy a betegnek \u00e9s annak, aki k\u00fcl\u00f6nleges meger\u0151ltet\u00e9s alatt \u00e1ll, eg\u00e9szs\u00e9gesebb kosztra van sz\u00fcks\u00e9ges, \u00fagy nek\u00fcnk is, akik nagyon s\u00falyos vesz\u00e9lyeknek vagyunk korunkban kit\u00e9ve. \u00c9ppen az id\u0151sebbeknek, akik fizikailag m\u00e1r nem sok mindent tudnak tenni, lehet \u00e9s kell a fiatalabbak\u00e9rt im\u00e1dkozniuk, akik egy ilyen rosszra cs\u00e1b\u00edt\u00f3 vil\u00e1gban n\u0151nek fel \u00e9s k\u00e9nyszer\u00fclnek \u00e9lni.<br>Maradjunk teh\u00e1t k\u00fcl\u00f6n\u00f6sen okt\u00f3ber h\u00f3napban h\u0171s\u00e9gesek a napi r\u00f3zsaf\u00fcz\u00e9r im\u00e1ds\u00e1ghoz a R\u00f3zsaf\u00fcz\u00e9r Kir\u00e1lyn\u0151 oltalma alatt.<\/p>\n\n\n\n<p>(<a rel=\"noreferrer noopener\" href=\"http:\/\/www.katolikus-honlap.hu\/0710\/rozsa.htm\" target=\"_blank\">P. W G\u00f6ttler: A r\u00f3zsaf\u00fcz\u00e9r minden bajban seg\u00edt<\/a>)<\/p>\n\n\n\n<p>Kereszt\u00e9ny hit\u00fcnk \u00e9s vall\u00e1sgyakorlatunk igaz\u00e1n nagy lelki kincsei a r\u00e9gm\u00faltb\u00f3l \u00e9rkeznek hozz\u00e1nk. Ha<br>eredet\u00fcket kutatjuk, visszamehet\u00fcnk a k\u00f6z\u00e9pkorba, s\u0151t m\u00e9g tov\u00e1bb, a kereszt\u00e9ny \u00f3korba, de \u00fajra \u00e9s<br>\u00fajra elbizonytalanodunk, amikor azt l\u00e1tjuk, hogy a legkor\u00e1bbi dokument\u00e1lhat\u00f3 kezdetek \u00e9s J\u00e9zus meg<br>az apostolok kora k\u00f6z\u00f6tt \u00e9vsz\u00e1zadok szakad\u00e9kai t\u00e1tonganak. Ez azonban csak a l\u00e1tszat: val\u00f3j\u00e1ban<br>minden, ami igaz\u00e1n kereszt\u00e9ny, az cs\u00edr\u00e1j\u00e1ban igazolhat\u00f3an apostoli \u00e9s evang\u00e9liumi. Igaz ez a<br>r\u00f3zsaf\u00fcz\u00e9rre is.<br>A r\u00f3zsaf\u00fcz\u00e9r elemei: a keresztvet\u00e9s, a Hiszekegy, a Miaty\u00e1nk, a Dics\u0151s\u00e9g, az \u00dcdv\u00f6zl\u00e9gy,<br>valamint a titkok sz\u00f6vege mind az Evang\u00e9liumban gy\u00f6kerezik \u00e9s k\u00f6zvetlen kapcsolatban \u00e1ll J\u00e9zus<br>Krisztussal.<br>A KERESZTVET\u00c9S<br>Hogy a kereszt\u00e9nyek mi\u00f3ta vetnek keresztet, pontosan nem tudjuk, de azt bizonyos, hogy<br>ennek a csod\u00e1latos jelnek alap\u00edt\u00f3ja maga az isteni Magvet\u0151, a mi Urunk, J\u00e9zus Krisztus. A M\u00e1t\u00e9-<br>evang\u00e9liumot megkoron\u00e1zza a mennybe men\u0151 \u00dar utols\u00f3 parancsa: \u201eMenjetek teh\u00e1t, tegyetek<br>tan\u00edtv\u00e1nyomm\u00e1 minden n\u00e9pet, keresztelj\u00e9tek meg \u0151ket az Atya a Fi\u00fa \u00e9s a Szentl\u00e9lek nev\u00e9ben, \u00e9s<br>tan\u00edts\u00e1tok \u0151ket mindannak megtart\u00e1s\u00e1ra, amit parancsoltam nektek. \u00cdme, veletek vagyok mindennap<br>a vil\u00e1g v\u00e9gezet\u00e9ig.\u201d (Mt 28,19-20)<br>A Szenth\u00e1roms\u00e1g nev\u00e9ben megkereszteltek kezdett\u0151l fogva tudt\u00e1k, hogy az isteni \u00e9let<br>r\u00e9szesei (2P\u00e9t 1,4), vagyis \u00fagy teremtm\u00e9ny (2Kor 5,17) lettek, \u00e9s hogy a Szenth\u00e1roms\u00e1g egy Isten<br>templom\u00e1v\u00e1 alakultak, hiszen maga az \u00dar \u00edg\u00e9rte az utols\u00f3 vacsor\u00e1n: \u201eAki szeret engem, megtartja<br>tan\u00edt\u00e1somat, Aty\u00e1m is szeretni fogja \u0151t, hozz\u00e1 megy\u00fcnk \u00e9s benne fogunk lakni.\u201d (Jn 14,21) Origen\u00e9sz<br>egyh\u00e1zaty\u00e1t\u00f3l tudjuk, hogy amikor m\u00e9g gyermek volt, k\u00e9s\u0151bb v\u00e9rtan\u00fav\u00e1 lett \u00e9desapja cs\u00f3kkal illette<br>kebel\u00e9t, mondv\u00e1n, hogy ott benn lakik a Szenth\u00e1roms\u00e1g.<br>Urunk, J\u00e9zus Krisztus isteni, bens\u0151 \u00e9let\u00e9t a h\u00fasv\u00e9ti miszt\u00e9riumban t\u00e1rta f\u00f6l. A kereszten<br>mutatta meg, hogy milyen az Atya, aki \u201e\u00fagy szerette a vil\u00e1got, hogy egysz\u00fcl\u00f6tt Fi\u00e1t adta \u00e9rte\u201d (Jn<br>3,16), a kereszten mutatta meg, hogy \u0151 az Atya Fiak\u00e9nt mindv\u00e9gig szeretett minket, \u00e9s a kereszten<br>nyilatkoztatta ki a Szentlelket is, amikor lehajtv\u00e1n fej\u00e9t, utols\u00f3 lehelet\u00e9vel \u00e1tadta \u0151t a kereszt alatt<br>\u00e1ll\u00f3 \u00c9desanyj\u00e1nak, M\u00e1ri\u00e1nak, a szeretett tan\u00edtv\u00e1nynak, Szent J\u00e1nosnak \u00e9s \u00e1ltaluk mindazoknak, aki<br>hisznek benne.<br>A keresztvet\u00e9s kifejezhetetlen gazdags\u00e1g\u00fa, csod\u00e1latos jel, mely mag\u00e1ba s\u0171r\u00edti az \u00dar hal\u00e1l\u00e1t \u00e9s<br>megdics\u0151\u00fcl\u00e9s\u00e9t, valamint az \u0151 megv\u00e1lt\u00e1sa \u00e1ltal szerzett \u00faj, istenfi\u00fai \u00e9let\u00fcnket is. Amikor keresztet<br>vet\u00fcnk, mindannyiszor megvalljuk a kereszts\u00e9g \u00f3ta benn\u00fcnk lak\u00f3 Szenth\u00e1roms\u00e1got. Ez\u00e9rt is fontos,<br>hogy sz\u00e9pen vess\u00fcnk keresztet. A keleti kereszt\u00e9nyek a keresztvet\u00e9skor a kez\u00fckkel a f\u00f6ldet \u00e9rintik, mi<br>r\u00f3mai kereszt\u00e9nyek bal kez\u00fcnket a derekunk f\u00f6l\u00e9 tessz\u00fck (ez a f\u00f6ldet jelk\u00e9pezi), \u00e9s \u00edgy vet\u00fcnk<br>keresztet, kifejezv\u00e9n megkeresztelt voltunk teljes miszt\u00e9rium\u00e1t. \u00dagy l\u00e9p\u00fcnk a r\u00f3zsaf\u00fcz\u00e9r vil\u00e1g\u00e1ba,<br>mint mag\u00e1ba a kereszt\u00e9ny l\u00e9tez\u00e9sbe, \u00e9s ezut\u00e1n megvalljuk hit\u00fcnket.<\/p>\n\n\n\n<p>A HISZEKEGY<br>A Hiszekegy apostoli eredet\u0171, de evang\u00e9liumi gy\u00f6ker\u0171. Ugyancsak szenth\u00e1roms\u00e1gos<br>szerkezete van, annak megfelel\u0151en, ahogy az apostoli korban a keresztel\u00e9sre k\u00e9sz\u00fcl\u0151 hittanul\u00f3knak<br>megtan\u00edtott\u00e1k a h\u00e1rom isteni szem\u00e9lyt \u00e9s m\u0171veiket: a teremt\u00e9st, a megv\u00e1lt\u00e1st \u00e9s a megszentel\u00e9st. A<br>Hiszekegy nem im\u00e1ds\u00e1g a sz\u00f3 szoros \u00e9rtelm\u00e9ben, b\u00e1r Istenben b\u00edzva \u00e9s \u0151t im\u00e1d\u00f3 l\u00e9lekkel mondjuk el,<br>hanem hitvall\u00e1s. Ez az a kapu, amelyen \u00e1t bel\u00e9pt\u00fcnk a szent kereszts\u00e9g \u00e1ltal az Egyh\u00e1zba. Eredetileg<br>csak a keresztel\u00e9si szertart\u00e1s r\u00e9sze volt, \u00e9vsz\u00e1zadok ut\u00e1n azonban megjelent a szentmis\u00e9ben is, hogy<br>er\u0151ter\u00e9ben hit\u00fcnk \u00fajra \u00e9s \u00fajra meger\u0151s\u00f6dj\u00e9k, miel\u0151tt a szent miszt\u00e9riumokban r\u00e9szes\u00fcln\u00e9nk. Ez nem<br>\u00f6nk\u00e9nyes \u00faj\u00edt\u00e1s, hanem szerves fejl\u0151d\u00e9s eredm\u00e9nye, amit igazol, hogy a mai napig megtal\u00e1lhat\u00f3<br>mind keleten, mind nyugaton, valamennyi r\u00edtusban.<br>A r\u00f3zsaf\u00fcz\u00e9r im\u00e1dkoz\u00e1s\u00e1nak ez a keresztvet\u00e9ses \u00e9s hiszekegyes bevezet\u0151je igen l\u00e9nyeges \u00e9s<br>el nem hagyhat\u00f3, mert a r\u00f3zsaf\u00fcz\u00e9r a mi Urunk, J\u00e9zus Krisztus \u00e9let\u00e9r\u0151l val\u00f3 elm\u00e9lked\u00e9s, az<br>Evang\u00e9lium \u00e1tim\u00e1dkozott, r\u00e1csod\u00e1lkoz\u00e1ssal, \u00f6r\u00f6mmel \u00e9s megrend\u00fcl\u00e9ssel k\u00eds\u00e9rt bels\u0151 szeml\u00e9l\u00e9se,<br>mely alak\u00edtja eg\u00e9sz emberi \u00e9let\u00fcnket, \u00e9s rem\u00e9nys\u00e9get \u00e9breszt az \u00f6r\u00f6k dics\u0151s\u00e9g elnyer\u00e9s\u00e9re. Csak az<br>az im\u00e1ds\u00e1g nevezhet\u0151 kereszt\u00e9nynek, \u00e9s lehet helyes, igaz \u00e9s \u00fcdv\u00f6ss\u00e9ges, amelyik megfelel a hit<br>szab\u00e1ly\u00e1nak, vagyis bel\u00fcl van a Hiszekegy hat\u00f3sugar\u00e1n. Ebben az esetben im\u00e1ds\u00e1gunk ar\u00e1nyos \u00e9s<br>kiegyens\u00falyozott: nem r\u00e9szigazs\u00e1gokat abszolutiz\u00e1l, hanem az abszol\u00fat igazs\u00e1gokhoz igazodik, illetve<br>nem csup\u00e1n vall\u00e1sos \u00e9rzelmekb\u0151l \u00e1ll, hanem megnyilatkozik benne a hitt\u0151l megvil\u00e1gos\u00edtott \u00e9rtelem.<br>Figyelmesen mondjuk teh\u00e1t a Hiszekegyet, hogy ez\u00e1ltal im\u00e1ds\u00e1gunkat \u00e9s mindennapi \u00e9let\u00fcnket az<br>isteni tettekre \u00e9p\u00edts\u00fck a teremt\u00e9s titk\u00e1t\u00f3l az \u00fajj\u00e1teremt\u00e9sig.<\/p>\n\n\n\n<p>A MIATY\u00c1NK<br>A Miaty\u00e1nk az \u00dar im\u00e1ds\u00e1ga, melyet a Hiszekeggyel egy\u00fctt a kereszts\u00e9gi felk\u00e9sz\u00edt\u00e9s l\u00e9nyeges<br>elemek\u00e9nt tan\u00edtottak az apostoli kort\u00f3l kezdve napjainkig. Az \u0151segyh\u00e1z \u201eevang\u00e9liumi t\u00f6rv\u00e9nynek\u201d<br>nevezte, amely m\u00e1r nem parancsok list\u00e1ja, hanem az \u00f6r\u00f6k \u00e9letet ad\u00f3, v\u00e9gtelen\u00fcl szeret\u0151 Atya<br>akarat\u00e1nak szem\u00e9lyes keres\u00e9se \u00e9s teljes\u00edt\u00e9se, melyre a mi Urunk adott p\u00e9ld\u00e1t \u00e9let\u00e9vel \u00e9s hal\u00e1l\u00e1val.<br>Ha a Miaty\u00e1nk ma im\u00e1dkozott form\u00e1j\u00e1ban nem sz\u00f3r\u00f3l sz\u00f3ra sz\u00e1rmazik is J\u00e9zust\u00f3l, l\u00e9nyege szerint<br>mindenk\u00e9ppen t\u0151le val\u00f3, m\u00e1r csak az\u00e9rt is, mert senki m\u00e1s nem vehetn\u00e9 a b\u00e1tors\u00e1got, hogy Abb\u00e1nak,<br>apuk\u00e1nak sz\u00f3l\u00edtsa a mindenhat\u00f3 Istent, csak maga az Isten Fia. \u0150benne a Miaty\u00e1nk minden szava<br>beteljesedett: \u00f6n\u00e1tad\u00e1s\u00e1ban \u00e9s \u00e1ldozat\u00e1ban Isten megszentelte az \u0151 nev\u00e9t, mert kinyilv\u00e1n\u00edtotta, hogy<br>\u0151 a szeretet; elj\u00f6tt Isten orsz\u00e1ga \u00e9s megkezd\u0151d\u00f6tt a nagy \u00f6sszegy\u0171jt\u00e9s; megval\u00f3sult Isten akarata, a<br>megv\u00e1lt\u00e1s m\u0171ve; mag\u00e1t adta mindennapi kenyer\u00fcnk\u00fcl az Euchariszti\u00e1ban, bocs\u00e1natot szerzett<br>b\u0171neinkre \u00e9s hatalmat adott a b\u0171n\u00f6k megbocs\u00e1t\u00e1s\u00e1ra; visszavert minden k\u00eds\u00e9rt\u00e9st, \u00e9s v\u00e9g\u00e9rv\u00e9nyesen<br>legy\u0151zte a gonoszt. \u00dagy is mondhatjuk, hogy a Miaty\u00e1nk h\u00e9t k\u00e9r\u00e9se J\u00e9zus \u00e9let\u00e9b\u0151l sz\u00f6v\u0151d\u00f6tt egybe, a<br>v\u00e9g\u00e9n elhangz\u00f3 dics\u0151\u00edt\u00e9st pedig hal\u00e1l\u00e1val tette hozz\u00e1, amikor belehalt az Atya ir\u00e1nti bizalomba.<br>\u00cdme, bel\u00e1thatjuk, hogy a Miaty\u00e1nk val\u00f3ban az \u00dar im\u00e1ds\u00e1ga, amely felfedi \u00e9let\u00e9nek<br>m\u00e9lystrukt\u00far\u00e1j\u00e1t, megmutatja Istennel \u00e9s vel\u00fcnk, emberekkel val\u00f3 kapcsolat\u00e1t, s mint\u00e1t ad arra,<br>hogyan kell az im\u00e1ds\u00e1gunknak \u00e9lett\u00e9 v\u00e1lnia. Ha a Miaty\u00e1nkot \u00fagy im\u00e1dkozzuk, ahogy J\u00e9zus<br>im\u00e1dkozta, vagyis eg\u00e9sz \u00e9let\u00fcnkkel, akkor istengyermeks\u00e9g\u00fcnk val\u00f3s\u00e1ga kiteljesedik. A Miaty\u00e1nk az<br>az im\u00e1ds\u00e1g, mely mag\u00e1ba foglal mindent, ez\u00e9rt kimer\u00edthetetlen \u00e9s t\u00falhaladhatatlan. Szem\u00e9lyes im\u00e1ds\u00e1gunknak inn\u00e9t kell forr\u00e1soznia, \u00e9s ide visszat\u00e9rnie. Nyilv\u00e1nval\u00f3, hogy kihagyhatatlan a<br>r\u00f3zsaf\u00fcz\u00e9rb\u0151l is.<\/p>\n\n\n\n<p><strong>Dics\u0151s\u00e9ges r\u00f3zsaf\u00fcz\u00e9r<\/strong><\/p>\n\n\n\n<p><em>1. Aki halottaib\u00f3l f\u00f6lt\u00e1madott<\/em><br>Ha te, Uram, f\u00f6l nem t\u00e1madsz, \u00f6r\u00f6kre elvesz\u00fcnk. Soha nem ismert\u00fck volna f\u00f6l az el\u0151z\u0151<br>titkokat, s hogy te Isten Fia vagy, az Aty\u00e1val egyl\u00e9nyeg\u0171 \u00f6r\u00f6k Isten, akinek tan\u00edt\u00e1sa Isten<br>\u00f6nkinyilatkoztat\u00e1sa. Nem t\u00e9vedhetsz, \u00e9s meg nem t\u00e9veszthetsz minket, aki meg\u00edg\u00e9rted, hogy<br>az utols\u00f3 napon f\u00f6lt\u00e1mad\u00e1sod dics\u0151s\u00e9g\u00e9ben r\u00e9szes\u00edtesz.<\/p>\n\n\n\n<p><em>2. Aki a mennybe f\u00f6lment<\/em><br>Uram, ha \u00fagy ment\u00e9l volna el, hogy nem lenn\u00e9l m\u00e9g jobban jelen itt a f\u00f6ld\u00f6n, akkor<br>mennybemeneteled nagyon szomor\u00fa b\u00facs\u00faz\u00e1s lenne csup\u00e1n, azzal a halv\u00e1ny, t\u00e1voli<br>rem\u00e9nys\u00e9ggel, hogy a vil\u00e1g v\u00e9g\u00e9n majd tal\u00e1lkozhatunk veled. Te azonban<br>mennybemeneteled \u00e1ltal r\u00e1d\u00f6bbentett\u00e9l minket eucharisztikus jelenl\u00e9tedre, P\u00fcnk\u00f6sdkor<br>pedig arra, hogy benn\u00fcnk lakozol.<\/p>\n\n\n\n<p><em>3. Aki nek\u00fcnk a Szentlelket elk\u00fcld\u00f6tte<\/em><br>Ebben az esem\u00e9nyben \u00e9rik el lelk\u00fcnk m\u00e9ly\u00e9t Isten tettei, amelyekr\u0151l eddig elm\u00e9lkedt\u00fcnk:<br>J\u00e9zus megsz\u00fcletik benn\u00fcnk, \u00e9let\u00fcnkben akar r\u00e9szt venni, s ha vele egyes\u00fclten \u00e9l\u00fcnk,<br>szenved\u00e9s\u00fcnk az \u0151 szenved\u00e9se lesz, f\u00f6lt\u00e1mad\u00e1s\u00e1nak cs\u00edr\u00e1i pedig benn\u00fcnk vannak.<\/p>\n\n\n\n<p><em>4. Aki t\u00e9ged, Szent Sz\u0171z, a mennybe f\u00f6lvett<\/em><br>\u00d3, dics\u0151s\u00e9ges Szent Sz\u0171z, mennyei \u00e9desany\u00e1nk, ne feledkezz\u00e9l meg, \u00e1rva, szenved\u0151,<br>k\u00eds\u00e9rt\u00e9sekkel k\u00fcszk\u00f6d\u0151, az \u00f6r\u00f6k haza fel\u00e9 v\u00e1ndorl\u00f3 gyermekeidr\u0151l! Te, aki m\u00e1r az \u00f6r\u00f6k<br>dics\u0151s\u00e9g r\u00e9szese vagy, im\u00e1dkozz \u00e9rett\u00fcnk, akiknek szent Fiad meg\u00edg\u00e9rte, hogy test\u00fcnket<br>f\u00f6lt\u00e1masztja az utols\u00f3 napon.<\/p>\n\n\n\n<p><em>5. Aki t\u00e9ged, Szent Sz\u0171z, a mennyben megkoron\u00e1zott<\/em><br>A te koron\u00e1d, Mennynek Kir\u00e1lyn\u0151je, nem m\u00e1s, mint Isten elvesz\u00edthetetlen birtokl\u00e1s\u00e1nak,<br>v\u00e9gtelen szeretet\u00e9nek \u00f6r\u00f6me. Im\u00e1dkozz\u00e1l \u00e9rett\u00fcnk, \u00e9gi \u00c9desany\u00e1nk, hogy h\u0171s\u00e9gesek legy\u00fcnk<br>mindhal\u00e1lig, \u00e9s mi is elnyerj\u00fck az \u00e9let koron\u00e1j\u00e1t (v\u00f6. Jel 2,10).<\/p>\n\n\n\n<p>(<a href=\"https:\/\/www.karizmatikus.hu\/images\/stories\/docs\/Barsi-rozsafuzer.pdf\" target=\"_blank\" rel=\"noreferrer noopener\">Barsi Bal\u00e1zs: Elm\u00e9lked\u00e9s a r\u00f3zsaf\u00fcz\u00e9r im\u00e1dkoz\u00e1sr\u00f3l<\/a>)<\/p>\n","protected":false},"excerpt":{"rendered":"<p>Mott\u00f3: Ak\u00e1r m\u00e1sokkal, ak\u00e1r egyed\u00fcl im\u00e1dkozol, k\u00e9nyszer\u00edtsd magadat, hogy soha ne megszok\u00e1sb\u00f3l, hanem tudatosan, \u00f6sszeszedetten im\u00e1dkozz\u00e1l. (r\u00e9szlet a kar\u00e1csony el\u0151tti b\u00f6jti gondolatokb\u00f3l) A katolikus lelki&#8230;<\/p>\n","protected":false},"author":2,"featured_media":0,"comment_status":"closed","ping_status":"open","sticky":false,"template":"","format":"standard","meta":[],"categories":[1,11,9],"tags":[],"_links":{"self":[{"href":"https:\/\/szentistvan.dnyem.hu\/index.php?rest_route=\/wp\/v2\/posts\/4542"}],"collection":[{"href":"https:\/\/szentistvan.dnyem.hu\/index.php?rest_route=\/wp\/v2\/posts"}],"about":[{"href":"https:\/\/szentistvan.dnyem.hu\/index.php?rest_route=\/wp\/v2\/types\/post"}],"author":[{"embeddable":true,"href":"https:\/\/szentistvan.dnyem.hu\/index.php?rest_route=\/wp\/v2\/users\/2"}],"replies":[{"embeddable":true,"href":"https:\/\/szentistvan.dnyem.hu\/index.php?rest_route=%2Fwp%2Fv2%2Fcomments&post=4542"}],"version-history":[{"count":7,"href":"https:\/\/szentistvan.dnyem.hu\/index.php?rest_route=\/wp\/v2\/posts\/4542\/revisions"}],"predecessor-version":[{"id":4615,"href":"https:\/\/szentistvan.dnyem.hu\/index.php?rest_route=\/wp\/v2\/posts\/4542\/revisions\/4615"}],"wp:attachment":[{"href":"https:\/\/szentistvan.dnyem.hu\/index.php?rest_route=%2Fwp%2Fv2%2Fmedia&parent=4542"}],"wp:term":[{"taxonomy":"category","embeddable":true,"href":"https:\/\/szentistvan.dnyem.hu\/index.php?rest_route=%2Fwp%2Fv2%2Fcategories&post=4542"},{"taxonomy":"post_tag","embeddable":true,"href":"https:\/\/szentistvan.dnyem.hu\/index.php?rest_route=%2Fwp%2Fv2%2Ftags&post=4542"}],"curies":[{"name":"wp","href":"https:\/\/api.w.org\/{rel}","templated":true}]}}