{"id":4535,"date":"2022-09-18T19:01:13","date_gmt":"2022-09-18T17:01:13","guid":{"rendered":"https:\/\/szentistvan.dnyem.hu\/?p=4535"},"modified":"2022-09-18T19:01:13","modified_gmt":"2022-09-18T17:01:13","slug":"buszos-zarandoklat-matraverebely-szentkutra","status":"publish","type":"post","link":"https:\/\/szentistvan.dnyem.hu\/?p=4535","title":{"rendered":"Buszos zar\u00e1ndoklat M\u00e1travereb\u00e9ly &#8211; Szentk\u00fatra"},"content":{"rendered":"\n<p><strong>Okt\u00f3ber 9-\u00e9n (vas\u00e1rnap)<\/strong> Szegedi K\u00e1lm\u00e1n atya buszos zar\u00e1ndoklatra h\u00edvja a kedves h\u00edveket M\u00e1travereb\u00e9ly &#8211; Szentk\u00fatra. <strong>A r\u00e9szv\u00e9teli k\u00f6lts\u00e9g 5500 Ft. Indul\u00e1s 6:00 \u00f3rakor a J\u00e9zus Sz\u00edve templom el\u0151l. \u00c9rkez\u00e9s este 09:00 \u00f3rakor<\/strong>. Jelentkezni lehet K\u00e1lm\u00e1n aty\u00e1n\u00e1l.<\/p>\n","protected":false},"excerpt":{"rendered":"<p>Okt\u00f3ber 9-\u00e9n (vas\u00e1rnap) Szegedi K\u00e1lm\u00e1n atya buszos zar\u00e1ndoklatra h\u00edvja a kedves h\u00edveket M\u00e1travereb\u00e9ly &#8211; Szentk\u00fatra. A r\u00e9szv\u00e9teli k\u00f6lts\u00e9g 5500 Ft. Indul\u00e1s 6:00 \u00f3rakor a J\u00e9zus&#8230;<\/p>\n","protected":false},"author":2,"featured_media":0,"comment_status":"closed","ping_status":"open","sticky":false,"template":"","format":"standard","meta":[],"categories":[1,2],"tags":[],"_links":{"self":[{"href":"https:\/\/szentistvan.dnyem.hu\/index.php?rest_route=\/wp\/v2\/posts\/4535"}],"collection":[{"href":"https:\/\/szentistvan.dnyem.hu\/index.php?rest_route=\/wp\/v2\/posts"}],"about":[{"href":"https:\/\/szentistvan.dnyem.hu\/index.php?rest_route=\/wp\/v2\/types\/post"}],"author":[{"embeddable":true,"href":"https:\/\/szentistvan.dnyem.hu\/index.php?rest_route=\/wp\/v2\/users\/2"}],"replies":[{"embeddable":true,"href":"https:\/\/szentistvan.dnyem.hu\/index.php?rest_route=%2Fwp%2Fv2%2Fcomments&post=4535"}],"version-history":[{"count":1,"href":"https:\/\/szentistvan.dnyem.hu\/index.php?rest_route=\/wp\/v2\/posts\/4535\/revisions"}],"predecessor-version":[{"id":4536,"href":"https:\/\/szentistvan.dnyem.hu\/index.php?rest_route=\/wp\/v2\/posts\/4535\/revisions\/4536"}],"wp:attachment":[{"href":"https:\/\/szentistvan.dnyem.hu\/index.php?rest_route=%2Fwp%2Fv2%2Fmedia&parent=4535"}],"wp:term":[{"taxonomy":"category","embeddable":true,"href":"https:\/\/szentistvan.dnyem.hu\/index.php?rest_route=%2Fwp%2Fv2%2Fcategories&post=4535"},{"taxonomy":"post_tag","embeddable":true,"href":"https:\/\/szentistvan.dnyem.hu\/index.php?rest_route=%2Fwp%2Fv2%2Ftags&post=4535"}],"curies":[{"name":"wp","href":"https:\/\/api.w.org\/{rel}","templated":true}]}}