{"id":4533,"date":"2022-09-18T18:54:42","date_gmt":"2022-09-18T16:54:42","guid":{"rendered":"https:\/\/szentistvan.dnyem.hu\/?p=4533"},"modified":"2022-09-18T18:54:42","modified_gmt":"2022-09-18T16:54:42","slug":"imaest-vadakkel-atyaval","status":"publish","type":"post","link":"https:\/\/szentistvan.dnyem.hu\/?p=4533","title":{"rendered":"Imaest Vadakkel aty\u00e1val"},"content":{"rendered":"\n<p>Az indiai sz\u00e1rmaz\u00e1s\u00fa <a rel=\"noreferrer noopener\" href=\"http:\/\/www.hegykozi-lelkigyakorlat.hu\/fr-dr-joseph-vadakkel\/\" target=\"_blank\">fr. dr. Joseph Vadakkel<\/a> atya szeptemberben <a href=\"https:\/\/www.hegykozi-lelkigyakorlat.hu\/\" target=\"_blank\" rel=\"noreferrer noopener\">k\u00e9t h\u00e9tre Magyarorsz\u00e1gra l\u00e1togat<\/a> \u00e9s nagy \u00f6r\u00f6m\u00fcnkre, misszi\u00f3s \u00fatj\u00e1nak egyik \u00e1llom\u00e1sa Debrecen lesz. Vil\u00e1gszerte tart lelkigyakorlatokat az <a rel=\"noreferrer noopener\" href=\"http:\/\/lexikon.katolikus.hu\/O\/Olt%C3%A1riszents%C3%A9g.html\" target=\"_blank\">Olt\u00e1riszents\u00e9g<\/a> gy\u00f3gy\u00edt\u00f3 erej\u00e9r\u0151l \u00e9s csod\u00e1ir\u00f3l, a szents\u00e9gim\u00e1d\u00e1s \u00e1tform\u00e1l\u00f3 hat\u00e1sair\u00f3l. <strong>V\u00e1rosunkban most el\u0151sz\u00f6r fog imaestet tartani szeptember 28-\u00e1n (szerd\u00e1n) a Szent L\u00e1szl\u00f3 templomban. A mise el\u0151tt 17:25-kor kezd\u0151dik a r\u00f3zsaf\u00fcz\u00e9r im\u00e1ds\u00e1g, 18:00-kor a szentmise. Ezt tan\u00edt\u00e1s \u00e9s szents\u00e9gim\u00e1d\u00e1s k\u00f6veti, majd gy\u00f3gy\u00edt\u00f3 ima \u00e9s \u00e1ld\u00e1s z\u00e1rja az est\u00e9t.<\/strong><\/p>\n\n\n\n<p>El\u0151tte h\u00e9tv\u00e9g\u00e9n, <strong>szeptember 24-25-\u00e9n F\u00fcz\u00e9rradv\u00e1nyban egy eg\u00e9sz h\u00e9tv\u00e9g\u00e9s lelkigyakorlatot is tart<\/strong>. B\u0151vebb inform\u00e1ci\u00f3 a <a rel=\"noreferrer noopener\" href=\"https:\/\/www.hegykozi-lelkigyakorlat.hu\/hetvegi-lelkigyakorlat\/\" target=\"_blank\">lelkigyakorlat honlapj\u00e1n<\/a> olvashat\u00f3. Itt lehet jelentkezni, seg\u00edts\u00e9get k\u00e9rni a sz\u00e1ll\u00e1skeres\u00e9ssel \u00e9s a Debrecenb\u0151l val\u00f3 odautaz\u00e1ssal kapcsolatban is.<\/p>\n","protected":false},"excerpt":{"rendered":"<p>Az indiai sz\u00e1rmaz\u00e1s\u00fa fr. dr. Joseph Vadakkel atya szeptemberben k\u00e9t h\u00e9tre Magyarorsz\u00e1gra l\u00e1togat \u00e9s nagy \u00f6r\u00f6m\u00fcnkre, misszi\u00f3s \u00fatj\u00e1nak egyik \u00e1llom\u00e1sa Debrecen lesz. Vil\u00e1gszerte tart lelkigyakorlatokat&#8230;<\/p>\n","protected":false},"author":2,"featured_media":0,"comment_status":"closed","ping_status":"open","sticky":false,"template":"","format":"standard","meta":[],"categories":[1,9,2],"tags":[],"_links":{"self":[{"href":"https:\/\/szentistvan.dnyem.hu\/index.php?rest_route=\/wp\/v2\/posts\/4533"}],"collection":[{"href":"https:\/\/szentistvan.dnyem.hu\/index.php?rest_route=\/wp\/v2\/posts"}],"about":[{"href":"https:\/\/szentistvan.dnyem.hu\/index.php?rest_route=\/wp\/v2\/types\/post"}],"author":[{"embeddable":true,"href":"https:\/\/szentistvan.dnyem.hu\/index.php?rest_route=\/wp\/v2\/users\/2"}],"replies":[{"embeddable":true,"href":"https:\/\/szentistvan.dnyem.hu\/index.php?rest_route=%2Fwp%2Fv2%2Fcomments&post=4533"}],"version-history":[{"count":1,"href":"https:\/\/szentistvan.dnyem.hu\/index.php?rest_route=\/wp\/v2\/posts\/4533\/revisions"}],"predecessor-version":[{"id":4534,"href":"https:\/\/szentistvan.dnyem.hu\/index.php?rest_route=\/wp\/v2\/posts\/4533\/revisions\/4534"}],"wp:attachment":[{"href":"https:\/\/szentistvan.dnyem.hu\/index.php?rest_route=%2Fwp%2Fv2%2Fmedia&parent=4533"}],"wp:term":[{"taxonomy":"category","embeddable":true,"href":"https:\/\/szentistvan.dnyem.hu\/index.php?rest_route=%2Fwp%2Fv2%2Fcategories&post=4533"},{"taxonomy":"post_tag","embeddable":true,"href":"https:\/\/szentistvan.dnyem.hu\/index.php?rest_route=%2Fwp%2Fv2%2Ftags&post=4533"}],"curies":[{"name":"wp","href":"https:\/\/api.w.org\/{rel}","templated":true}]}}