{"id":4528,"date":"2022-09-18T18:04:10","date_gmt":"2022-09-18T16:04:10","guid":{"rendered":"https:\/\/szentistvan.dnyem.hu\/?p=4528"},"modified":"2022-09-18T18:04:10","modified_gmt":"2022-09-18T16:04:10","slug":"a-szentmise-ertekei","status":"publish","type":"post","link":"https:\/\/szentistvan.dnyem.hu\/?p=4528","title":{"rendered":"A szentmise \u00e9rt\u00e9kei"},"content":{"rendered":"\n<p><strong>Barsi Bal\u00e1zs <abbr title=\"Ordo Fratrum Minorum (Kisebb Testv\u00e9rek Rendje), a ferences rend hivatalos nev\u00e9nek a r\u00f6vid\u00edt\u00e9se\">OFM<\/abbr> atya r\u00f6vid tan\u00edt\u00e1sa a szentmis\u00e9k \u00e9rt\u00e9keir\u0151l:<\/strong><\/p>\n\n\n\n<p>&#8220;Egyetlen szentmise, melyen r\u00e9szt vett\u00e9l, t\u00f6bbet haszn\u00e1l neked, mint sz\u00e1mos, melyet hal\u00e1lod ut\u00e1n aj\u00e1nlanak fel \u00e9rted m\u00e1sok.<br>A szentmise sok mulaszt\u00e1sodat \u00e9s hanyags\u00e1godat p\u00f3tolja.<br> A szentmise elt\u00f6rli bocs\u00e1natos b\u0171neidet, melyeket sohasem gy\u00f3nt\u00e1l meg. <br>Mikor jelen vagy a szentmis\u00e9n \u00e9s odafigyelsz, a legnagyobb h\u00f3dolatot mutatod be az \u00dar J\u00e9zus szent Embers\u00e9g\u00e9nek.<br>Minden szentmis\u00e9vel buzg\u00f3s\u00e1god szerint t\u00f6bb\u00e9-kev\u00e9sb\u00e9 cs\u00f6kkentheted ideiglenes f\u00f6ldi b\u00fcntet\u00e9seidet.<br>Sok vesz\u00e9lyt\u0151l \u00e9s szerencs\u00e9tlens\u00e9gt\u0151l szabadulsz meg, amit k\u00fcl\u00f6nben nem ker\u00fclhetn\u00e9l ki.<br>Hal\u00e1lod \u00f3r\u00e1j\u00e1n lesz a legnagyobb vigasztal\u00e1sod, hogy szentmis\u00e9t hallgatt\u00e1l. Minden szentmis\u00e9t magaddal viszel az \u00edt\u00e9letre \u00e9s ezek lesznek k\u00f6zbenj\u00e1r\u00f3id.<br>Minden szentmise \u00faj dics\u0151s\u00e9get szerez sz\u00e1modra az \u00e9gben.<br>Minden szentmis\u00e9n val\u00f3 r\u00e9szv\u00e9teleddel megr\u00f6vid\u00edted a tiszt\u00edt\u00f3t\u0171zben viselend\u0151 szenved\u00e9seidet, melyek k\u00fcl\u00f6nben re\u00e1d v\u00e1rnak.<br>A szentmis\u00e9n val\u00f3 r\u00e9szv\u00e9teleddel a lehet\u0151 legnagyobb seg\u00edts\u00e9get ny\u00fajtod a tiszt\u00edt\u00f3t\u0171zben szenved\u0151 lelkeknek &#8211; k\u00fcl\u00f6n\u00f6sen, ha \u00e9rt\u00fck aj\u00e1nlod fel r\u00e9szv\u00e9teledet.<br>A szentmise alatt az angyalok seregei k\u00f6z\u00f6tt t\u00e9rdelsz, akik f\u00e9l\u0151 tisztelettel vannak jelen az isteni \u00e1ldozatn\u00e1l.<br>A szent\u00e1ldoz\u00e1s sor\u00e1n felbecs\u00fclhetetlen \u00e9rt\u00e9k\u0171 kegyelemben r\u00e9szes\u00fclsz!<br>A s\u00e1t\u00e1n gyeng\u00e9bb lesz veled szemben.<br>Gondolatunkban az vez\u00e9reljen, hogy csak a Krisztus im\u00e1ds\u00e1ga hat az \u00e9gbe, s m\u00e1s im\u00e1ds\u00e1g \u00e9s \u00e1ldozat nem tal\u00e1l kegyelmet, csak a Krisztus a mi Urunk \u00e1ltal.<br>A szentmis\u00e9ben a pap \u00e1ld\u00e1s\u00e1ban r\u00e9szes\u00fclsz, amit Isten meger\u0151s\u00edt az \u00e9gben is. (V\u00e1rd meg az \u00e1ld\u00e1st t\u00fcrelemmel!)<br>A szentmis\u00e9r\u0151l Isten \u00e1ld\u00e1s\u00e1t viszed haza anyagi \u00fcgyeidre is.&#8221;<\/p>\n\n\n\n<p>Szeretettel aj\u00e1nlom \u00e1telm\u00e9lked\u00e9sre<\/p>\n","protected":false},"excerpt":{"rendered":"<p>Barsi Bal\u00e1zs OFM atya r\u00f6vid tan\u00edt\u00e1sa a szentmis\u00e9k \u00e9rt\u00e9keir\u0151l: &#8220;Egyetlen szentmise, melyen r\u00e9szt vett\u00e9l, t\u00f6bbet haszn\u00e1l neked, mint sz\u00e1mos, melyet hal\u00e1lod ut\u00e1n aj\u00e1nlanak fel \u00e9rted&#8230;<\/p>\n","protected":false},"author":2,"featured_media":0,"comment_status":"closed","ping_status":"open","sticky":false,"template":"","format":"standard","meta":[],"categories":[1,11],"tags":[],"_links":{"self":[{"href":"https:\/\/szentistvan.dnyem.hu\/index.php?rest_route=\/wp\/v2\/posts\/4528"}],"collection":[{"href":"https:\/\/szentistvan.dnyem.hu\/index.php?rest_route=\/wp\/v2\/posts"}],"about":[{"href":"https:\/\/szentistvan.dnyem.hu\/index.php?rest_route=\/wp\/v2\/types\/post"}],"author":[{"embeddable":true,"href":"https:\/\/szentistvan.dnyem.hu\/index.php?rest_route=\/wp\/v2\/users\/2"}],"replies":[{"embeddable":true,"href":"https:\/\/szentistvan.dnyem.hu\/index.php?rest_route=%2Fwp%2Fv2%2Fcomments&post=4528"}],"version-history":[{"count":2,"href":"https:\/\/szentistvan.dnyem.hu\/index.php?rest_route=\/wp\/v2\/posts\/4528\/revisions"}],"predecessor-version":[{"id":4530,"href":"https:\/\/szentistvan.dnyem.hu\/index.php?rest_route=\/wp\/v2\/posts\/4528\/revisions\/4530"}],"wp:attachment":[{"href":"https:\/\/szentistvan.dnyem.hu\/index.php?rest_route=%2Fwp%2Fv2%2Fmedia&parent=4528"}],"wp:term":[{"taxonomy":"category","embeddable":true,"href":"https:\/\/szentistvan.dnyem.hu\/index.php?rest_route=%2Fwp%2Fv2%2Fcategories&post=4528"},{"taxonomy":"post_tag","embeddable":true,"href":"https:\/\/szentistvan.dnyem.hu\/index.php?rest_route=%2Fwp%2Fv2%2Ftags&post=4528"}],"curies":[{"name":"wp","href":"https:\/\/api.w.org\/{rel}","templated":true}]}}