{"id":4519,"date":"2022-09-05T00:13:06","date_gmt":"2022-09-04T22:13:06","guid":{"rendered":"https:\/\/szentistvan.dnyem.hu\/?p=4519"},"modified":"2022-09-10T23:34:57","modified_gmt":"2022-09-10T21:34:57","slug":"corpus-christi-amen","status":"publish","type":"post","link":"https:\/\/szentistvan.dnyem.hu\/?p=4519","title":{"rendered":"Corpus Christi! Amen?"},"content":{"rendered":"\n<p>(<a href=\"http:\/\/lexikon.katolikus.hu\/C\/Corpus%20Christi.html\" target=\"_blank\" rel=\"noreferrer noopener\">Krisztus Teste<\/a>! <a href=\"http:\/\/lexikon.katolikus.hu\/A\/amen.html\" target=\"_blank\" rel=\"noreferrer noopener\">Val\u00f3ban<\/a>?)<\/p>\n\n\n\n<p><strong>Val\u00f3ban hiszik m\u00e9g mindig a katolikusok a <a rel=\"noreferrer noopener\" href=\"http:\/\/lexikon.katolikus.hu\/A\/%C3%A1tl%C3%A9nyeg%C3%BCl%C3%A9s.html\" target=\"_blank\">val\u00f3s\u00e1gos jelenl\u00e9tet<\/a>?<\/strong><\/p>\n\n\n\n<p>Athanasius Schneider p\u00fcsp\u00f6k megrend\u00edt\u0151 \u00e9s igaz gondolatai a <a href=\"http:\/\/lexikon.katolikus.hu\/K\/k%C3%A9zbe%20%C3%A1ldoz%C3%A1s.html\" target=\"_blank\" rel=\"noreferrer noopener\">k\u00e9zbe \u00e1ldoz\u00e1sr\u00f3l<\/a> \u00e9s a katolikus hittel val\u00f3 \u00f6sszef\u00fcgg\u00e9s\u00e9r\u0151l:<\/p>\n\n\n\n<p>Egy kazahszt\u00e1ni vall\u00e1sk\u00f6zi tal\u00e1lkoz\u00f3n, amelyen r\u00e9szt vettem az egyes vall\u00e1sok legszentebb val\u00f3s\u00e1gair\u00f3l besz\u00e9lgett\u00fcnk. Egy im\u00e1m azt mondta, hogy a muzulm\u00e1nok sz\u00e1m\u00e1ra a legszentebb dolog a Kor\u00e1n k\u00f6nyve arab nyelven, \u00e9s a k\u00f6vetkez\u0151 szavakkal h\u00fazta al\u00e1 \u00e1ll\u00edt\u00e1s\u00e1t: Az istengyal\u00e1z\u00e1s aktusa lenne, ha valaki mosatlan k\u00e9zzel mer\u00e9szeln\u00e9 \u00e9rinteni az arab nyelv\u0171 Kor\u00e1nt.<\/p>\n\n\n\n<p>Amikor ezt a kijelent\u00e9st hallottam, spont\u00e1n m\u00f3don megjelent szemeim el\u0151tt a k\u00e9zbe\u00e1ldoz\u00e1s, amelyet szinte b\u00e1rmilyen egy\u00e9rtelm\u0171en szakr\u00e1lis gesztus n\u00e9lk\u00fcl \u00e9s term\u00e9szetesen el\u0151zetes k\u00e9zmos\u00e1s n\u00e9lk\u00fcl fogadnak. Ez a magatart\u00e1s vil\u00e1gszerte szab\u00e1lynak sz\u00e1m\u00edt a katolikus templomok nagy t\u00f6bbs\u00e9g\u00e9ben. Elk\u00e9pzeltem a k\u00f6vetkez\u0151 lehets\u00e9ges szitu\u00e1ci\u00f3t: ha ez a j\u00e1mbor im\u00e1m egyik napon v\u00e9letlen\u00fcl bel\u00e9pne egy katolikus templomba, ahol a szent\u00e1ldoz\u00e1st k\u00f6zvetlen\u00fcl a h\u00edvek kez\u00e9be szolg\u00e1ltatj\u00e1k ki, akik egy gyorsan halad\u00f3 sorban k\u00f6zelednek, megk\u00e9rdezhetn\u00e9: \u201eMi ez a kis feh\u00e9r keny\u00e9r?&#8221; Egy katolikus v\u00e1laszoln\u00e1: \u201eEz Krisztus.&#8221; A muzulm\u00e1n nem \u00e9rti: \u201eEz bizony\u00e1ra csak egy jel vagy Krisztus szimb\u00f3luma.&#8221; De a katolikus ellentmondana: \u201eNem, ez nem csak egy szimb\u00f3lum vagy egy szent t\u00e1rgy. Ebben val\u00f3s\u00e1gosan jelen van Krisztus.&#8221;<\/p>\n\n\n\n<p>A muzulm\u00e1n tov\u00e1bb er\u0151sk\u00f6dne: \u201eKrisztus bizony\u00e1ra csak lelkileg vagy szimbolikusan van jelen benne.\u201d A katolikus ism\u00e9t tagadn\u00e1: \u201eNem, Krisztus val\u00f3s\u00e1gosan \u00e9s t\u00e9nylegesen jelen van Test\u00e9nek \u00e9s V\u00e9r\u00e9nek szubsztanci\u00e1j\u00e1ban, lelk\u00e9vel \u00e9s teljes istens\u00e9g\u00e9vel.\u201d A muzulm\u00e1n ism\u00e9t k\u00e9rdezn\u00e9: \u201eAkkor teh\u00e1t hitetek szerint ez a kis keny\u00e9rdarab sz\u00e1motokra a ti Istenetek \u00e9s az, aki a legszentebb?\u201d \u201eIgen&#8221;, helyeselne a katolikus, \u201eez a kis keny\u00e9r val\u00f3ban a mi \u00e9l\u0151 Isten\u00fcnk szem\u00e9lyesen emberi Test\u00e9vel \u00e9s V\u00e9r\u00e9vel, \u00e9s nemcsak egy szent t\u00e1rgy, mint a ti Kor\u00e1notok.\u201d<\/p>\n\n\n\n<p>A muzulm\u00e1n azonban mondan\u00e1: \u201e<strong>Ha ti a ti Isteneteket, aki sz\u00e1motokra a legszentebb, ilyen ban\u00e1lis m\u00f3don kezelitek, akkor nem hisztek benne.<\/strong> Egyszer\u0171en nem tudom elhinni, hogy t\u00e9nyleg meg vagytok gy\u0151z\u0151dve arr\u00f3l, amit az im\u00e9nt \u00e1ll\u00edtottatok.\u201d<\/p>\n\n\n\n<p>(R\u00e9szlet Athanasius Schneider: <a rel=\"noreferrer noopener\" href=\"https:\/\/www.karizmatikus.hu\/hitvedelem\/tanitas-atyak-tanito-testverek\/631-athanasius-schneider-dominus-est\" target=\"_blank\">Dominus Est<\/a> c. k\u00f6nyv\u00e9b\u0151l)<\/p>\n\n\n\n<p><\/p>\n","protected":false},"excerpt":{"rendered":"<p>(Krisztus Teste! Val\u00f3ban?) Val\u00f3ban hiszik m\u00e9g mindig a katolikusok a val\u00f3s\u00e1gos jelenl\u00e9tet? Athanasius Schneider p\u00fcsp\u00f6k megrend\u00edt\u0151 \u00e9s igaz gondolatai a k\u00e9zbe \u00e1ldoz\u00e1sr\u00f3l \u00e9s a katolikus&#8230;<\/p>\n","protected":false},"author":2,"featured_media":0,"comment_status":"closed","ping_status":"open","sticky":false,"template":"","format":"standard","meta":[],"categories":[11],"tags":[],"_links":{"self":[{"href":"https:\/\/szentistvan.dnyem.hu\/index.php?rest_route=\/wp\/v2\/posts\/4519"}],"collection":[{"href":"https:\/\/szentistvan.dnyem.hu\/index.php?rest_route=\/wp\/v2\/posts"}],"about":[{"href":"https:\/\/szentistvan.dnyem.hu\/index.php?rest_route=\/wp\/v2\/types\/post"}],"author":[{"embeddable":true,"href":"https:\/\/szentistvan.dnyem.hu\/index.php?rest_route=\/wp\/v2\/users\/2"}],"replies":[{"embeddable":true,"href":"https:\/\/szentistvan.dnyem.hu\/index.php?rest_route=%2Fwp%2Fv2%2Fcomments&post=4519"}],"version-history":[{"count":1,"href":"https:\/\/szentistvan.dnyem.hu\/index.php?rest_route=\/wp\/v2\/posts\/4519\/revisions"}],"predecessor-version":[{"id":4520,"href":"https:\/\/szentistvan.dnyem.hu\/index.php?rest_route=\/wp\/v2\/posts\/4519\/revisions\/4520"}],"wp:attachment":[{"href":"https:\/\/szentistvan.dnyem.hu\/index.php?rest_route=%2Fwp%2Fv2%2Fmedia&parent=4519"}],"wp:term":[{"taxonomy":"category","embeddable":true,"href":"https:\/\/szentistvan.dnyem.hu\/index.php?rest_route=%2Fwp%2Fv2%2Fcategories&post=4519"},{"taxonomy":"post_tag","embeddable":true,"href":"https:\/\/szentistvan.dnyem.hu\/index.php?rest_route=%2Fwp%2Fv2%2Ftags&post=4519"}],"curies":[{"name":"wp","href":"https:\/\/api.w.org\/{rel}","templated":true}]}}