{"id":4517,"date":"2022-09-04T23:56:11","date_gmt":"2022-09-04T21:56:11","guid":{"rendered":"https:\/\/szentistvan.dnyem.hu\/?p=4517"},"modified":"2022-09-04T23:56:11","modified_gmt":"2022-09-04T21:56:11","slug":"felkeszules-a-beavato-szentsegek-vetelere","status":"publish","type":"post","link":"https:\/\/szentistvan.dnyem.hu\/?p=4517","title":{"rendered":"Felk\u00e9sz\u00fcl\u00e9s a beavat\u00f3 szents\u00e9gek v\u00e9tel\u00e9re"},"content":{"rendered":"\n<p><strong>V\u00e1rjuk az els\u0151\u00e1ldoz\u00f3k \u00e9s b\u00e9rm\u00e1lkoz\u00f3k jelentkez\u00e9s\u00e9t.<\/strong> Szeptember v\u00e9g\u00e9ig jelezz\u00e9k a kedves sz\u00fcl\u0151k, hogy okt\u00f3bert\u0151l elindulhasson a felk\u00e9sz\u00fcl\u00e9s.<\/p>\n\n\n\n<p>Ugyancsak <strong>v\u00e1rjuk azoknak a feln\u0151tteknek a jelentkez\u00e9s\u00e9t, akik a beavat\u00f3 szents\u00e9gek (<a rel=\"noreferrer noopener\" href=\"http:\/\/lexikon.katolikus.hu\/K\/kereszts%C3%A9g.html\" target=\"_blank\">kereszts\u00e9g<\/a>, <a rel=\"noreferrer noopener\" href=\"http:\/\/lexikon.katolikus.hu\/B\/b%C3%A9rm%C3%A1l%C3%A1s.html\" target=\"_blank\">b\u00e9rm\u00e1l\u00e1s<\/a>, <a rel=\"noreferrer noopener\" href=\"http:\/\/lexikon.katolikus.hu\/E\/Eucharisztia.html\" target=\"_blank\">Eucharisztia<\/a>). Szeretn\u00e9nk min\u00e9l hamarabb beind\u00edtani a feln\u0151tt <a rel=\"noreferrer noopener\" href=\"http:\/\/lexikon.katolikus.hu\/K\/katekumen.html\" target=\"_blank\">katekumen<\/a> csoportot. <\/strong>Az \u00e9rintetteket k\u00e9rem, hogy jelezz\u00e9k sz\u00e1nd\u00e9kukat. Err\u0151l a lehet\u0151s\u00e9gr\u0151l \u00e9rtes\u00edts\u00fck azon ismer\u0151seinket is, akikr\u0151l tudjuk, hogy \u00e9rdekl\u0151dnek.<\/p>\n","protected":false},"excerpt":{"rendered":"<p>V\u00e1rjuk az els\u0151\u00e1ldoz\u00f3k \u00e9s b\u00e9rm\u00e1lkoz\u00f3k jelentkez\u00e9s\u00e9t. Szeptember v\u00e9g\u00e9ig jelezz\u00e9k a kedves sz\u00fcl\u0151k, hogy okt\u00f3bert\u0151l elindulhasson a felk\u00e9sz\u00fcl\u00e9s. Ugyancsak v\u00e1rjuk azoknak a feln\u0151tteknek a jelentkez\u00e9s\u00e9t, akik&#8230;<\/p>\n","protected":false},"author":2,"featured_media":0,"comment_status":"closed","ping_status":"open","sticky":false,"template":"","format":"standard","meta":[],"categories":[1,9,2],"tags":[],"_links":{"self":[{"href":"https:\/\/szentistvan.dnyem.hu\/index.php?rest_route=\/wp\/v2\/posts\/4517"}],"collection":[{"href":"https:\/\/szentistvan.dnyem.hu\/index.php?rest_route=\/wp\/v2\/posts"}],"about":[{"href":"https:\/\/szentistvan.dnyem.hu\/index.php?rest_route=\/wp\/v2\/types\/post"}],"author":[{"embeddable":true,"href":"https:\/\/szentistvan.dnyem.hu\/index.php?rest_route=\/wp\/v2\/users\/2"}],"replies":[{"embeddable":true,"href":"https:\/\/szentistvan.dnyem.hu\/index.php?rest_route=%2Fwp%2Fv2%2Fcomments&post=4517"}],"version-history":[{"count":1,"href":"https:\/\/szentistvan.dnyem.hu\/index.php?rest_route=\/wp\/v2\/posts\/4517\/revisions"}],"predecessor-version":[{"id":4518,"href":"https:\/\/szentistvan.dnyem.hu\/index.php?rest_route=\/wp\/v2\/posts\/4517\/revisions\/4518"}],"wp:attachment":[{"href":"https:\/\/szentistvan.dnyem.hu\/index.php?rest_route=%2Fwp%2Fv2%2Fmedia&parent=4517"}],"wp:term":[{"taxonomy":"category","embeddable":true,"href":"https:\/\/szentistvan.dnyem.hu\/index.php?rest_route=%2Fwp%2Fv2%2Fcategories&post=4517"},{"taxonomy":"post_tag","embeddable":true,"href":"https:\/\/szentistvan.dnyem.hu\/index.php?rest_route=%2Fwp%2Fv2%2Ftags&post=4517"}],"curies":[{"name":"wp","href":"https:\/\/api.w.org\/{rel}","templated":true}]}}