{"id":4498,"date":"2022-08-28T14:06:34","date_gmt":"2022-08-28T12:06:34","guid":{"rendered":"http:\/\/szentistvan.dnyem.hu\/?p=4498"},"modified":"2022-08-28T14:06:34","modified_gmt":"2022-08-28T12:06:34","slug":"szentsegimadas-3","status":"publish","type":"post","link":"https:\/\/szentistvan.dnyem.hu\/?p=4498","title":{"rendered":"Szents\u00e9gim\u00e1d\u00e1s"},"content":{"rendered":"\n<p><strong>Els\u0151cs\u00fct\u00f6rt\u00f6k\u00f6n (szeptember 1-j\u00e9n) 16:00 \u00f3r\u00e1t\u00f3l <a rel=\"noreferrer noopener\" href=\"http:\/\/lexikon.katolikus.hu\/S\/szents%C3%A9gim%C3%A1d%C3%A1s.html\" target=\"_blank\">szents\u00e9gim\u00e1d\u00e1si<\/a> \u00f3r\u00e1t tartunk<\/strong> papi \u00e9s szerzetesi hivat\u00e1sok\u00e9rt.<\/p>\n\n\n\n<p><strong>Els\u0151p\u00e9nteken a 7:00-kor kezd\u0151d\u0151 reggeli szentmise ut\u00e1n 15:00 \u00f3r\u00e1ig (az Isteni Irgalmass\u00e1g r\u00f3zsaf\u00fcz\u00e9rig) szents\u00e9gim\u00e1d\u00e1sra helyezz\u00fck ki az \u00dar J\u00e9zust.<\/strong> Ne hagyjuk egyed\u00fcl, mindig legyen valaki, aki im\u00e1dkozva itt van el\u0151tte a templomban.<\/p>\n","protected":false},"excerpt":{"rendered":"<p>Els\u0151cs\u00fct\u00f6rt\u00f6k\u00f6n (szeptember 1-j\u00e9n) 16:00 \u00f3r\u00e1t\u00f3l szents\u00e9gim\u00e1d\u00e1si \u00f3r\u00e1t tartunk papi \u00e9s szerzetesi hivat\u00e1sok\u00e9rt. Els\u0151p\u00e9nteken a 7:00-kor kezd\u0151d\u0151 reggeli szentmise ut\u00e1n 15:00 \u00f3r\u00e1ig (az Isteni Irgalmass\u00e1g r\u00f3zsaf\u00fcz\u00e9rig)&#8230;<\/p>\n","protected":false},"author":2,"featured_media":0,"comment_status":"closed","ping_status":"open","sticky":false,"template":"","format":"standard","meta":[],"categories":[9,2],"tags":[],"_links":{"self":[{"href":"https:\/\/szentistvan.dnyem.hu\/index.php?rest_route=\/wp\/v2\/posts\/4498"}],"collection":[{"href":"https:\/\/szentistvan.dnyem.hu\/index.php?rest_route=\/wp\/v2\/posts"}],"about":[{"href":"https:\/\/szentistvan.dnyem.hu\/index.php?rest_route=\/wp\/v2\/types\/post"}],"author":[{"embeddable":true,"href":"https:\/\/szentistvan.dnyem.hu\/index.php?rest_route=\/wp\/v2\/users\/2"}],"replies":[{"embeddable":true,"href":"https:\/\/szentistvan.dnyem.hu\/index.php?rest_route=%2Fwp%2Fv2%2Fcomments&post=4498"}],"version-history":[{"count":1,"href":"https:\/\/szentistvan.dnyem.hu\/index.php?rest_route=\/wp\/v2\/posts\/4498\/revisions"}],"predecessor-version":[{"id":4499,"href":"https:\/\/szentistvan.dnyem.hu\/index.php?rest_route=\/wp\/v2\/posts\/4498\/revisions\/4499"}],"wp:attachment":[{"href":"https:\/\/szentistvan.dnyem.hu\/index.php?rest_route=%2Fwp%2Fv2%2Fmedia&parent=4498"}],"wp:term":[{"taxonomy":"category","embeddable":true,"href":"https:\/\/szentistvan.dnyem.hu\/index.php?rest_route=%2Fwp%2Fv2%2Fcategories&post=4498"},{"taxonomy":"post_tag","embeddable":true,"href":"https:\/\/szentistvan.dnyem.hu\/index.php?rest_route=%2Fwp%2Fv2%2Ftags&post=4498"}],"curies":[{"name":"wp","href":"https:\/\/api.w.org\/{rel}","templated":true}]}}