{"id":4496,"date":"2022-08-28T13:44:53","date_gmt":"2022-08-28T11:44:53","guid":{"rendered":"http:\/\/szentistvan.dnyem.hu\/?p=4496"},"modified":"2022-08-28T13:44:53","modified_gmt":"2022-08-28T11:44:53","slug":"uj-sekrestyesunk-van","status":"publish","type":"post","link":"https:\/\/szentistvan.dnyem.hu\/?p=4496","title":{"rendered":"\u00daj sekresty\u00e9s\u00fcnk van!"},"content":{"rendered":"\n<p>\u00d6r\u00f6mmel jelentem, hogy szeptember 1-t\u0151l Kizman P\u00e1l testv\u00e9r\u00fcnk l\u00e1tja el a <a rel=\"noreferrer noopener\" href=\"http:\/\/lexikon.katolikus.hu\/S\/sekresty%C3%A9s.html\" target=\"_blank\">sekresty\u00e9si<\/a> feladatokat. K\u00f6sz\u00f6n\u00f6m neki, hogy v\u00e1llalja ezt a fontos \u00e9s n\u00e9lk\u00fcl\u00f6zhetetlen szolg\u00e1latot.<\/p>\n","protected":false},"excerpt":{"rendered":"<p>\u00d6r\u00f6mmel jelentem, hogy szeptember 1-t\u0151l Kizman P\u00e1l testv\u00e9r\u00fcnk l\u00e1tja el a sekresty\u00e9si feladatokat. K\u00f6sz\u00f6n\u00f6m neki, hogy v\u00e1llalja ezt a fontos \u00e9s n\u00e9lk\u00fcl\u00f6zhetetlen szolg\u00e1latot.<\/p>\n","protected":false},"author":2,"featured_media":0,"comment_status":"closed","ping_status":"open","sticky":false,"template":"","format":"standard","meta":[],"categories":[1],"tags":[],"_links":{"self":[{"href":"https:\/\/szentistvan.dnyem.hu\/index.php?rest_route=\/wp\/v2\/posts\/4496"}],"collection":[{"href":"https:\/\/szentistvan.dnyem.hu\/index.php?rest_route=\/wp\/v2\/posts"}],"about":[{"href":"https:\/\/szentistvan.dnyem.hu\/index.php?rest_route=\/wp\/v2\/types\/post"}],"author":[{"embeddable":true,"href":"https:\/\/szentistvan.dnyem.hu\/index.php?rest_route=\/wp\/v2\/users\/2"}],"replies":[{"embeddable":true,"href":"https:\/\/szentistvan.dnyem.hu\/index.php?rest_route=%2Fwp%2Fv2%2Fcomments&post=4496"}],"version-history":[{"count":1,"href":"https:\/\/szentistvan.dnyem.hu\/index.php?rest_route=\/wp\/v2\/posts\/4496\/revisions"}],"predecessor-version":[{"id":4497,"href":"https:\/\/szentistvan.dnyem.hu\/index.php?rest_route=\/wp\/v2\/posts\/4496\/revisions\/4497"}],"wp:attachment":[{"href":"https:\/\/szentistvan.dnyem.hu\/index.php?rest_route=%2Fwp%2Fv2%2Fmedia&parent=4496"}],"wp:term":[{"taxonomy":"category","embeddable":true,"href":"https:\/\/szentistvan.dnyem.hu\/index.php?rest_route=%2Fwp%2Fv2%2Fcategories&post=4496"},{"taxonomy":"post_tag","embeddable":true,"href":"https:\/\/szentistvan.dnyem.hu\/index.php?rest_route=%2Fwp%2Fv2%2Ftags&post=4496"}],"curies":[{"name":"wp","href":"https:\/\/api.w.org\/{rel}","templated":true}]}}