{"id":4454,"date":"2022-08-21T12:00:00","date_gmt":"2022-08-21T10:00:00","guid":{"rendered":"http:\/\/szentistvan.dnyem.hu\/?p=4454"},"modified":"2022-08-28T18:30:39","modified_gmt":"2022-08-28T16:30:39","slug":"templombucsu-5","status":"publish","type":"post","link":"https:\/\/szentistvan.dnyem.hu\/?p=4454","title":{"rendered":"Templomb\u00facs\u00fa"},"content":{"rendered":"\n<p><\/p>\n\n\n\n<figure class=\"wp-block-image size-large\"><img loading=\"lazy\" width=\"1024\" height=\"1024\" src=\"http:\/\/szentistvan.dnyem.hu\/wp-content\/uploads\/2022\/08\/bucsu-1024x1024.png\" alt=\"\" class=\"wp-image-4461\" srcset=\"https:\/\/szentistvan.dnyem.hu\/wp-content\/uploads\/2022\/08\/bucsu-1024x1024.png 1024w, https:\/\/szentistvan.dnyem.hu\/wp-content\/uploads\/2022\/08\/bucsu-540x540.png 540w, https:\/\/szentistvan.dnyem.hu\/wp-content\/uploads\/2022\/08\/bucsu-150x150.png 150w, https:\/\/szentistvan.dnyem.hu\/wp-content\/uploads\/2022\/08\/bucsu-768x768.png 768w, https:\/\/szentistvan.dnyem.hu\/wp-content\/uploads\/2022\/08\/bucsu-100x100.png 100w, https:\/\/szentistvan.dnyem.hu\/wp-content\/uploads\/2022\/08\/bucsu.png 1080w\" sizes=\"(max-width: 1024px) 100vw, 1024px\" \/><\/figure>\n\n\n\n<figure class=\"wp-block-image\"><img src=\"https:\/\/www.dnyem.hu\/wp-content\/uploads\/2022\/08\/34-2-1024x678.jpg\" alt=\"\" class=\"wp-image-9660\"\/><figcaption>Fot\u00f3: Hl\u00e1cs T\u00fcnde<\/figcaption><\/figure>\n\n\n\n<p><strong>A debreceni Szent Istv\u00e1n-templom k\u00f6z\u00f6ss\u00e9ge augusztus 19-20-ig, k\u00e9t napon \u00e1t \u00fcnnepelte a templom b\u00facs\u00faj\u00e1t, amelybe augusztus 20-\u00e1n a Kossuth R\u00e1di\u00f3 hallgat\u00f3i is bekapcsol\u00f3dhattak<\/strong>:<\/p>\n\n\n\n<ul><li>A 8:32-kor kezd\u0151d\u00f6tt a <a rel=\"noreferrer noopener\" href=\"https:\/\/mediaklikk.hu\/radio-lejatszo-kossuth\/?date=2022-08-20_08-32-00&amp;enddate=2022-08-20_09-10-00&amp;ch=mr1\" target=\"_blank\">&#8220;Szent Istv\u00e1n templomai&#8221; c\u00edm\u0171 m\u0171sor<\/a>, amelyben 8:38:52-t\u00f3l 8:43:08-ig templomunkr\u00f3l volt sz\u00f3.<\/li><li>11:58-kor kezd\u0151d\u00f6tt az <a rel=\"noreferrer noopener\" href=\"https:\/\/mediaklikk.hu\/radio-lejatszo-kossuth\/?date=2022-08-20_11-58-00&amp;enddate=2022-08-20_12-10-00&amp;ch=mr1\" target=\"_blank\">ismertet\u0151<\/a>:<br>Ma d\u00e9lben, \u00e1llamalap\u00edt\u00f3 kir\u00e1lyunk \u00fcnnep\u00e9n a debreceni Szent Istv\u00e1n templom harangja sz\u00f3l a Kossuth R\u00e1di\u00f3ban. Debrecen Hajd\u00fa-Bihar megye k\u00f6zpontja, k\u00e9tsz\u00e1zezres n\u00e9pess\u00e9g\u00e9vel haz\u00e1nk m\u00e1sodik legnagyobb v\u00e1rosa. Fontos kereskedelmi utak tal\u00e1lkoz\u00e1sa jel\u00f6lte ki hely\u00e9t, nagyj\u00e1b\u00f3l egy-egy napi j\u00e1r\u00f3f\u00f6ldre a szomsz\u00e9dos v\u00e1rosokt\u00f3l. Els\u0151 temploma ott \u00e1llt, ahol ma a Nagytemplom; a tat\u00e1rj\u00e1r\u00e1s ut\u00e1n, 1245-ben ugyanitt \u00e9p\u00edtett\u00e9k \u00fajj\u00e1. A t\u00f6r\u00f6k h\u00f3dolts\u00e1g idej\u00e9n, 1536-ban jelentek meg a reform\u00e1ci\u00f3 tanai, \u00e9s r\u00f6vid id\u0151 alatt Debrecen teljes eg\u00e9sz\u00e9ben reform\u00e1tuss\u00e1 lett. B\u00e1r 180 \u00e9vig katolikus pap nem m\u0171k\u00f6dhetett a v\u00e1rosban, n\u00e9h\u00e1ny paraliturgikus szok\u00e1s \u2013 kiss\u00e9 \u00e1talakulva &#8211; m\u00e9gis meg\u0151rz\u0151d\u00f6tt, p\u00e9ld\u00e1ul a Nagyboldogasszony \u00fcnnep\u00e9hez kapcsol\u00f3d\u00f3 vir\u00e1gos ravatal k\u00e9sz\u00edt\u00e9se, mely napjainkban a h\u00edres Vir\u00e1gkarnev\u00e1l form\u00e1j\u00e1ban \u00e9l tov\u00e1bb. 1726-ra meg\u00e9p\u00fclt a piarist\u00e1k temploma. Debrecen gyorsan fejl\u0151d\u00f6tt, lakoss\u00e1ga 1919-ben \u00e1tl\u00e9pte a sz\u00e1zezres hat\u00e1rt. Felmer\u00fclt a k\u00fcls\u0151 ker\u00fcletek lelkip\u00e1sztori ell\u00e1t\u00e1s\u00e1nak ig\u00e9nye, ez\u00e9rt 1936-ban a vas\u00fati r\u00e9szv\u00e9nyt\u00e1rsas\u00e1g telket adom\u00e1nyozott a v\u00e1ros keleti r\u00e9sz\u00e9n fekv\u0151 Nyilaskertben, templom \u00e9p\u00edt\u00e9s\u00e9re. Az alapk\u00f6vet 1938. \u00e1prilis 3-\u00e1n helyezt\u00e9k el, \u00e9s okt\u00f3ber 16-\u00e1n felszentelt\u00e9k Szent Istv\u00e1n kir\u00e1ly tisztelet\u00e9re, akinek jubileumi \u00e9v\u00e9t \u00fcnnepelte az orsz\u00e1g, hal\u00e1l\u00e1nak 900-ik \u00e9vfordul\u00f3ja alkalm\u00e1b\u00f3l. A debreceni Szent Istv\u00e1n templom torny\u00e1ban h\u00e1rom harang lakik, mindegyiket Szlez\u00e1k L\u00e1szl\u00f3 \u00f6nt\u00f6tte Budapesten, 1938-ban. A Szent Imre harang a legkisebb. A k\u00f6z\u00e9ps\u0151t Szent Ann\u00e1r\u00f3l nevezt\u00e9k el. A legnagyobb, amelynek \u00e1tm\u00e9r\u0151je 86 centim\u00e9ter, Magyarok Nagyasszonya tisztelet\u00e9t hirdeti.<br>12:00-kor pedig <a rel=\"noreferrer noopener\" href=\"https:\/\/mediaklikk.hu\/radio-lejatszo-kossuth\/?date=2022-08-20_12-00-00&amp;enddate=2022-08-20_12-11-00&amp;ch=mr1\" target=\"_blank\">templomunk harangja volt hallhat\u00f3<\/a><\/li><\/ul>\n\n\n\n<p>A tud\u00f3s\u00edt\u00e1s \u00edgy folytat\u00f3dik:<\/p>\n\n\n\n<p>19-\u00e9n, p\u00e9nteken szentmis\u00e9vel kezd\u0151d\u00f6tt meg a templom v\u00e9d\u0151szentj\u00e9nek \u00fcnnepl\u00e9se, majd a h\u00edvek szents\u00e9gim\u00e1d\u00e1son foh\u00e1szkodtak a Szent kir\u00e1ly k\u00f6zbenj\u00e1r\u00e1s\u00e1\u00e9rt. D\u00e9lut\u00e1n, 3 \u00f3rakor, az irgalmass\u00e1g \u00f3r\u00e1j\u00e1ban k\u00f6z\u00f6sen elim\u00e1dkozt\u00e1k az isteni irgalmass\u00e1g r\u00f3zsaf\u00fcz\u00e9r\u00e9t, majd a dics\u0151s\u00e9ges r\u00f3zsaf\u00fcz\u00e9rt \u00e9s vecserny\u00e9vel z\u00e1rt\u00e1k a napot. K\u00f6zben gy\u00f3n\u00e1s szents\u00e9g\u00e9ben is r\u00e9szes\u00fclhettek a h\u00edvek.<\/p>\n\n\n\n<p>Szombaton, augusztus 20-\u00e1n a reggeli \u00f3r\u00e1kban a Kossuth R\u00e1di\u00f3n kereszt\u00fcl a hallgat\u00f3k is bekapcsol\u00f3dhattak a debreceni egyh\u00e1zk\u00f6zs\u00e9g \u00fcnnep\u00e9be. <em>Papp L\u00e1szl\u00f3<\/em> aty\u00e1val, a Szent Istv\u00e1n-templom pl\u00e9b\u00e1nos\u00e1val k\u00e9sz\u00fclt interj\u00faban hallhattunk a templom t\u00f6rt\u00e9net\u00e9r\u0151l \u00e9s Szent Istv\u00e1n kir\u00e1ly a ma ember\u00e9nek sz\u00f3l\u00f3 \u00fczenet\u00e9r\u0151l.<\/p>\n\n\n\n<figure class=\"wp-block-image\"><img src=\"https:\/\/www.dnyem.hu\/wp-content\/uploads\/2022\/08\/04-3-678x1024.jpg\" alt=\"\" class=\"wp-image-9670\"\/><figcaption>Fot\u00f3: Hl\u00e1cs T\u00fcnde<\/figcaption><\/figure>\n\n\n\n<p>Az \u00fcnnepi nagymise f\u0151celebr\u00e1nsa <em>Balogh Piusz OPraem<\/em>. g\u00f6d\u00f6ll\u0151i ap\u00e1t volt. Ezt k\u00f6vet\u0151en <em>Farkas Domonkos<\/em> orgonam\u0171v\u00e9sz el\u0151ad\u00e1s\u00e1ban orgonakoncerten vettek r\u00e9szt a h\u00edvek, majd az \u00fcnnepl\u00e9s a templomkertben folytat\u00f3dott, ahol koszor\u00fat helyeztek el a Szent Istv\u00e1n kir\u00e1ly szoborn\u00e1l.<\/p>\n\n\n\n<figure class=\"wp-block-image\"><img src=\"https:\/\/www.dnyem.hu\/wp-content\/uploads\/2022\/08\/18-5-1024x678.jpg\" alt=\"\" class=\"wp-image-9644\"\/><figcaption>Fot\u00f3: Hl\u00e1cs T\u00fcnde<\/figcaption><\/figure>\n\n\n\n<p>A b\u00facs\u00fa z\u00e1r\u00e1sak\u00e9nt a szeretetvend\u00e9gs\u00e9gen k\u00f6tetlen egy\u00fctt t\u00f6lt\u00f6tt id\u0151re, besz\u00e9lget\u00e9sre is volt lehet\u0151s\u00e9g, d\u00e9lben pedig a debreceni Szent Istv\u00e1n-templom harangjait nemcsak \u00e9l\u0151ben hallhatta Debrecen, hanem a Kossuth R\u00e1di\u00f3n kereszt\u00fcl a D\u00e9li Harangsz\u00f3 c\u00edm\u0171 m\u0171sorban az eg\u00e9sz orsz\u00e1g. Ezen bel\u00fcl ism\u00e9t bemutatt\u00e1k a templom t\u00f6rt\u00e9net\u00e9t is.<\/p>\n\n\n\n<p>Az al\u00e1bbiakban <em>Balogh Piusz OPraem<\/em>. g\u00f6d\u00f6ll\u0151i ap\u00e1t elm\u00e9lked\u00e9s\u00e9t olvashatjuk:<\/p>\n\n\n\n<figure class=\"wp-block-image\"><img src=\"https:\/\/www.dnyem.hu\/wp-content\/uploads\/2022\/08\/25-2-1024x678.jpg\" alt=\"\" class=\"wp-image-9651\"\/><figcaption>Fot\u00f3: Hl\u00e1cs T\u00fcnde<\/figcaption><\/figure>\n\n\n\n<p>Krisztusban kedves testv\u00e9reim!<\/p>\n\n\n\n<p>A debreceni Szent Istv\u00e1n-templomban vagyunk, \u00e9s ez a k\u00f6z\u00f6ss\u00e9g m\u00e9lt\u00e1n tekint vissza megrend\u00fclts\u00e9ggel \u00e9s h\u00e1laad\u00e1ssal a templom \u00e9s a pl\u00e9b\u00e1nia t\u00f6bb mint 80 \u00e9ves alap\u00edt\u00e1s\u00e1ra \u00e9s egyben a v\u00e9d\u0151szent, Szent Istv\u00e1n kir\u00e1ly 1000 \u00e9ves orsz\u00e1galap\u00edt\u00f3 \u00e9s egyh\u00e1zszervez\u0151 tev\u00e9kenys\u00e9g\u00e9re.<\/p>\n\n\n\n<p>&nbsp;&nbsp;&nbsp;&nbsp;&nbsp;&nbsp;&nbsp;&nbsp;&nbsp;&nbsp;&nbsp; \u00c9n G\u00f6d\u00f6ll\u0151r\u0151l j\u00f6ttem, ahol rendi k\u00f6z\u00f6ss\u00e9g\u00fcnk szint\u00e9n a 20. sz\u00e1zad els\u0151 fel\u00e9ben j\u00f6tt l\u00e9tre a viszontags\u00e1gos I. vil\u00e1gh\u00e1bor\u00fa \u00e9s a gy\u00e1szos trianoni b\u00e9kedikt\u00e1tum ut\u00e1n 1923-ban. K\u00f6zel 100 \u00e9vesek vagyunk G\u00f6d\u00f6ll\u0151n, \u00e9s premontrei rend\u00fcnk alap\u00edt\u00e1s\u00e1nak 900 \u00e9ves \u00e9vfordul\u00f3j\u00e1t \u00fclt\u00fck tavaly (2021), mely minket is a m\u00e1sodik \u00e9vezred elej\u00e9re rep\u00edt vissza, az \u00c1rp\u00e1d-kor derek\u00e1ba, amikor m\u00e1r k\u00e9zzel foghat\u00f3 volt az \u00e1llam- \u00e9s egyh\u00e1zszervez\u0151 szent kir\u00e1lynak \u00e9s ut\u00f3dainak \u00e1ld\u00e1sos tev\u00e9kenys\u00e9ge.<\/p>\n\n\n\n<p>&nbsp;&nbsp;&nbsp;&nbsp;&nbsp;&nbsp;&nbsp;&nbsp;&nbsp;&nbsp;&nbsp; \u00c9s m\u00e9g egy p\u00e1rhuzam: amennyi szenved\u00e9s \u00e9s viszontags\u00e1g volt haz\u00e1nk 1000 \u00e9ves m\u00faltj\u00e1ban, tal\u00e1n m\u00e9g hatv\u00e1nyozottabban s\u0171r\u00fclt ez az elm\u00falt 100 \u00e9v id\u0151szak\u00e1ban: a magyarorsz\u00e1gi egyh\u00e1zk\u00f6zs\u00e9gek \u00e9s szerzetesrendek \u00e9let\u00e9ben: \u00e9s ebb\u0151l kijutott a debreceni Szent Istv\u00e1n pl\u00e9b\u00e1niai k\u00f6z\u00f6ss\u00e9gnek \u00e9s a magyar premontreieknek egyar\u00e1nt!<\/p>\n\n\n\n<p>Orsz\u00e1gunk els\u0151 kir\u00e1ly\u00e1t, Szent Istv\u00e1nt sz\u00fcl\u0151v\u00e1ros\u00e1ban, Esztergomban koron\u00e1zt\u00e1k meg 1000 kar\u00e1csony\u00e1n a II. Szilveszter p\u00e1p\u00e1t\u00f3l, R\u00f3m\u00e1b\u00f3l kapott koron\u00e1val. A t\u00f6rt\u00e9neti \u00e9s a n\u00e9pi hagyom\u00e1ny ezt a diad\u00e9mot azonos\u00edtja a Szent Koron\u00e1val. A koron\u00e1z\u00e1s nagym\u00e9rt\u00e9kben hozz\u00e1j\u00e1rult Istv\u00e1n nemzetk\u00f6zi elismer\u00e9s\u00e9hez, hiszen a r\u00f3mai p\u00e1pa garant\u00e1lta szuverenit\u00e1s\u00e1t.<\/p>\n\n\n\n<p>Miben lehet nek\u00fcnk aktu\u00e1lis egy ezer esztendeje \u00e9lt uralkod\u00f3? Hol tal\u00e1lkozhatunk napjainkban orsz\u00e1gl\u00e1s\u00e1nak eredm\u00e9nyeivel, gazdag \u00e9s sokr\u00e9t\u0171 \u00e9letm\u0171v\u00e9nek gy\u00fcm\u00f6lcseivel?<\/p>\n\n\n\n<figure class=\"wp-block-image\"><img src=\"https:\/\/www.dnyem.hu\/wp-content\/uploads\/2022\/08\/32-2-1024x678.jpg\" alt=\"\" class=\"wp-image-9658\"\/><figcaption>Fot\u00f3: Hl\u00e1cs T\u00fcnde<\/figcaption><\/figure>\n\n\n\n<p><strong>El\u0151sz\u00f6r a megyerendszer megalap\u00edt\u00e1s\u00e1ban.<\/strong> Az \u00e1llamalap\u00edt\u00e1s egyik sarkpontja volt a k\u00f6zigazgat\u00e1si, katonai \u00e9s ad\u00f3szed\u00e9si feladatokkal felruh\u00e1zott v\u00e1rmegyerendszer l\u00e9trehoz\u00e1sa: Szent Istv\u00e1n a honfoglal\u00f3 nemzets\u00e9gek \u00e9s t\u00f6rzsek sz\u00e1ll\u00e1shelyeit \u00e9s azok k\u00f6zpontjait figyelembe v\u00e9ve, \u00e9s sok esetben nev\u00fcket (pl. Szabolcs) tov\u00e1bb \u00f6r\u00f6k\u00edtve mintegy 48 k\u00f6zponti v\u00e1rmegy\u00e9t \u00e9s 24 hat\u00e1rv\u00e1rmegy\u00e9t alap\u00edtott orsz\u00e1g\u00e1ban. \u00c9l\u00fckre isp\u00e1nokat nevezett ki. Szent Istv\u00e1n orsz\u00e1gl\u00e1s\u00e1nak k\u00f6z\u00e9ppontja a maga \u00e1ltal alap\u00edtott Sz\u00e9kesfeh\u00e9rv\u00e1r lett a Nagyboldogasszony-templommal \u00e9s pr\u00e9posts\u00e1ggal. Ebben a szent\u00e9lyben \u00e1llt a \u201eregni sedes principalis\u201d, azaz a m\u00e1rv\u00e1nytr\u00f3nsz\u00e9k, ahonnan igazs\u00e1got szolg\u00e1ltatott. Orsz\u00e1g\u00e1t Sz\u0171z M\u00e1ri\u00e1nak aj\u00e1nlva itt halt meg 1038. augusztus 15-\u00e9n, \u00e9s ezen a helyen temett\u00e9k el. Ennek nyom\u00e1n Sz\u00e9kesfeh\u00e9rv\u00e1r eg\u00e9szen a XVI. sz\u00e1zadig, a t\u00f6r\u00f6k megsz\u00e1ll\u00e1sig Magyarorsz\u00e1g koron\u00e1z\u00f3v\u00e1rosa lett. A legt\u00f6bb k\u00f6z\u00e9pkori uralkod\u00f3nkat az \u00e1llamalap\u00edt\u00f3 s\u00edrja mellett temett\u00e9k el.<\/p>\n\n\n\n<p>Istv\u00e1n a megyerendszerrel egy\u00fctt az orsz\u00e1g v\u00e9delm\u00e9re a kir\u00e1lyi v\u00e1rszervezetet is ki\u00e9p\u00edtette. Ha a sz\u00fcks\u00e9g megk\u00edv\u00e1nta, hadvez\u00e9rk\u00e9nt vonult serege \u00e9l\u00e9n: 1018 el\u0151tt visszafoglalta a lengyelek \u00e1ltal megsz\u00e1llt Morva-v\u00f6lgy hat\u00e1rv\u00e1rait; Erd\u00e9lyb\u0151l ekkort\u00e1jt ki\u0171zte a keletr\u0151l bet\u00f6r\u0151, rabl\u00f3 beseny\u0151ket. Biz\u00e1nccal sz\u00f6vets\u00e9gben r\u00e9szt vett a bolg\u00e1rok legy\u0151z\u00e9s\u00e9ben, ahol semmi hadizs\u00e1km\u00e1nyt nem ejtett, csup\u00e1n erekly\u00e9ket hozott a Szent Gy\u00f6rgy-templomb\u00f3l Sz\u00e9kesfeh\u00e9rv\u00e1r sz\u00e1m\u00e1ra; v\u00e9g\u00fcl pedig II. Konr\u00e1d n\u00e9met-r\u00f3mai cs\u00e1sz\u00e1r bet\u00f6r\u00e9s\u00e9t h\u00e1r\u00edtotta el 1030-ban oly m\u00f3don, hogy m\u00e9g B\u00e9cset is elfoglalta. Mint \u00f6n\u00e1ll\u00f3 uralkod\u00f3, Istv\u00e1n kir\u00e1ly p\u00e9nzt (ez\u00fcstd\u00e9n\u00e1rt) veretett, s okleveleket adott ki. Uralkod\u00e1sa sor\u00e1n \u00f6sszesen \u00f6tvenhat t\u00f6rv\u00e9nyt alkotott, amelyben b\u00fcntette a b\u0171n\u00f6s\u00f6ket \u00e9s \u2013 t\u00f6bbek k\u00f6z\u00f6tt \u2013 el\u0151\u00edrta a vas\u00e1rnap megtart\u00e1s\u00e1t is.<\/p>\n\n\n\n<figure class=\"wp-block-image\"><img src=\"https:\/\/www.dnyem.hu\/wp-content\/uploads\/2022\/08\/14-5-678x1024.jpg\" alt=\"\" class=\"wp-image-9640\"\/><\/figure>\n\n\n\n<p>&nbsp;&nbsp;&nbsp;&nbsp;&nbsp;&nbsp;&nbsp;&nbsp;&nbsp;&nbsp;&nbsp; <strong>A m\u00e1sik, m\u00e1ig m\u0171k\u00f6d\u0151 int\u00e9zm\u00e9nyrendszer: az egyh\u00e1zszervezet.<\/strong> Istv\u00e1n kir\u00e1ly uralkod\u00e1sa idej\u00e9n m\u00e1r nem az volt a k\u00e9rd\u00e9s, hogy a magyars\u00e1g kereszt\u00e9ny vagy pog\u00e1ny, hanem az, hogy a latin r\u00edtus\u00fa R\u00f3ma fel\u00e9 integr\u00e1l\u00f3dik, vagy a g\u00f6r\u00f6g Biz\u00e1nc (Konstantin\u00e1poly) ir\u00e1ny\u00e1ba. Apja, G\u00e9za fejedelem nyomdokain Istv\u00e1n egy\u00e9rtelm\u0171en a nyugati r\u00edtus \u00e9s berendezked\u00e9s mellett d\u00f6nt\u00f6tt. A Boldogasszonyt k\u00fcl\u00f6n\u00f6sen tisztel\u0151, egyistenh\u00edv\u0151, a b\u00f6jt\u00f6ket megtart\u00f3, t\u00falvil\u00e1ghittel rendelkez\u0151, tarsolylemezein keresztet \u00e1br\u00e1zol\u00f3 magyar t\u00f6rzseknek \u00e9s nemzets\u00e9geknek hozta l\u00e9tre a kereszt\u00e9ny vall\u00e1s int\u00e9zm\u00e9nyrendszer\u00e9t. Szent Istv\u00e1n kir\u00e1ly tette meg Esztergomot \u00e9rseki rangban a magyar katolikus egyh\u00e1z k\u00f6zpontj\u00e1v\u00e1. A korabeli Eur\u00f3pa \u00e9rv\u00e9nyes jogk\u00f6nyve, a Pseudo-isidor-i joggy\u0171jtem\u00e9ny szerint f\u00fcggetlen \u00e1llamnak az tekinthet\u0151, ahol egy \u00e9rseks\u00e9g \u00e9s 10 p\u00fcsp\u00f6ks\u00e9g m\u0171k\u00f6dik. Ennek \u00e9rtelm\u00e9ben \u00c1llamalap\u00edt\u00f3nk Esztergommal egy\u00fctt t\u00edz, latin r\u00edtus\u00fa p\u00fcsp\u00f6ks\u00e9g alap\u00edt\u00e1s\u00e1t v\u00e9gezte el: Esztergom, Veszpr\u00e9m, Kalocsa, Gy\u0151r, P\u00e9cs, Gyulafeh\u00e9rv\u00e1r, Eger, Bihar (Szent L\u00e1szl\u00f3 kir\u00e1ly \u00e1thelyezte a sz\u00e9khely\u00e9t V\u00e1radra), Csan\u00e1d\u2013Marosv\u00e1r \u00e9s V\u00e1c v\u00e1rosa \u00e9s egyh\u00e1zai hirdetik \u00e9letm\u0171v\u00e9t \u00e9s k\u00f6sz\u00f6nhetik neki felvir\u00e1gz\u00e1sukat. Istv\u00e1n t\u00f6bb, ma is m\u0171k\u00f6d\u0151 benc\u00e9s rendi ap\u00e1ts\u00e1got alap\u00edtott Bakonyb\u00e9l, P\u00e9csv\u00e1rad \u00e9s Zalav\u00e1r sz\u00e9khelyekkel, s \u0151 szentelte fel az apja, G\u00e9za nagyfejedelem \u00e1ltal 996-ban alap\u00edtott pannonhalmi Szent M\u00e1rton-f\u0151monostort is. Szent Istv\u00e1n nev\u00e9hez f\u0171z\u0151dik a dun\u00e1nt\u00fali, Somly\u00f3-hegyi Szent Lambert-ap\u00e1camonostor fund\u00e1l\u00e1sa is. Uralkod\u00e1sa alatt hatalmas m\u00e9ret\u0171 templom\u00e9p\u00edtkez\u00e9s indult meg orsz\u00e1gszerte. Legfontosabb el\u00e9rend\u0151 c\u00e9lja az volt, hogy minden t\u00edz falu \u00e9p\u00edtsen egy templomot. B\u00e1r a latin r\u00edtus\u00fa egyh\u00e1zat \u00e9p\u00edtette ki, t\u00fcrelemmel viseltetett \u2013 az egyh\u00e1zszakad\u00e1s (1054) el\u0151tt n\u00e9h\u00e1ny \u00e9vtizeddel \u2013 a g\u00f6r\u00f6g szertart\u00e1s\u00fa egyh\u00e1z ir\u00e1nt is: a veszpr\u00e9mv\u00f6lgyi monostor g\u00f6r\u00f6g r\u00edtus\u00fa ap\u00e1c\u00e1k otthona lett. A K\u00e1rp\u00e1t-medenc\u00e9n \u00e1thalad\u00f3 \u00e9s a Szentf\u00f6ldre tart\u00f3 zar\u00e1ndokokat t\u00f6bbsz\u00f6r fogadta a kir\u00e1lyi udvarban, b\u0151s\u00e9gesen ell\u00e1tta \u0151ket \u00e9s biztos\u00edtotta sz\u00e1mukra az orsz\u00e1gon val\u00f3 biztons\u00e1gos \u00e1thalad\u00e1st.<\/p>\n\n\n\n<p>Az egyh\u00e1zszervez\u00e9ssel az eur\u00f3pai \u00e9rtelemben vett, a klasszikus g\u00f6r\u00f6g, r\u00f3mai \u00e9s kereszt\u00e9ny kult\u00far\u00e1ra \u00e9p\u00fcl\u0151 iskolarendszert is megalap\u00edtotta. A korabeli di\u00e1kok ezen t\u00fal a p\u00fcsp\u00f6ki sz\u00e9khelyeken m\u0171k\u00f6d\u0151, \u00fan. k\u00e1ptalani, tov\u00e1bb\u00e1 a kolostori iskol\u00e1kban, azaz schol\u00e1kban tanulhattak. A schola egyszersmind k\u00f3rust is jelentett, ahol hazai szok\u00e1s szerint az \u00f6sszes di\u00e1k \u00e9nekelt. A tananyaguk a liturgia sz\u00f6vege \u00e9s gregori\u00e1n dallama volt \u00e9vsz\u00e1zadokon kereszt\u00fcl. (Szent Istv\u00e1n zsolozsm\u00e1ja)<\/p>\n\n\n\n<p>Feltehetj\u00fck a k\u00e9rd\u00e9st, hogy az els\u0151 magyar kir\u00e1ly politikai \u00e9rdekkereszt\u00e9ny volt-e, vagy meggy\u0151z\u0151d\u00e9sb\u0151l tette, amit tett? A v\u00e1laszt egy mag\u00e1nlev\u00e9l adja meg, amelyet a franciaorsz\u00e1gi Cluny benc\u00e9s ap\u00e1tja, Szent Odilo vetett pap\u00edrra, \u00e9s k\u00fcld\u00f6tt el a magyar kir\u00e1lynak: <em>\u201eMajdnem az eg\u00e9sz vil\u00e1g hirdeti, hogy mennyire \u00e1rad lelkedben az isteni vall\u00e1s \u00e9s istentisztelet ir\u00e1nti szeretet. De f\u0151leg azok hoztak r\u00f3la nek\u00fcnk b\u0151s\u00e9ges tan\u00fas\u00e1got, akik az \u00dar s\u00edrj\u00e1t\u00f3l visszat\u00e9rtek. S\u0151t, mi magunk is t\u00fal\u00e1rad\u00f3an megtapasztaltuk, mid\u0151n arra m\u00e9ltatt\u00e1l, hogy kir\u00e1lyi adom\u00e1nyaidat \u00e9s aj\u00e1nd\u00e9kaidat hoz\u00f3 k\u00f6veteidet fogadhattuk.\u201d<\/em> Egy t\u00f6rv\u00e9ny hirdethet politikai \u00e9rdekeket, de egy mag\u00e1nlev\u00e9l, mint Odilo ap\u00e1t\u00e9, mindig \u0151szint\u00e9n fogalmaz. E sorok is igazolj\u00e1k: Szent Istv\u00e1n nem politikai \u00e9rdekb\u0151l, hanem bels\u0151 meggy\u0151z\u0151d\u00e9sb\u0151l \u00e9s meg\u00e9lt katolikus hit\u00e9b\u0151l fakad\u00f3an szervezte meg a magyar egyh\u00e1zat.<\/p>\n\n\n\n<p>Nemcsak haz\u00e1nk, hanem Eur\u00f3pa t\u00f6rt\u00e9net\u00e9nek egyik legb\u00f6lcsebb kir\u00e1lyt\u00fckre a Szent Istv\u00e1n \u00e1ltal fi\u00e1nak \u00edrt <em>Intelmek<\/em>. A tud\u00f3s XVI. Benedek p\u00e1pa az <em>Intelmek<\/em> sorait eredetiben \u00e9s fejb\u0151l id\u00e9zte 2011-ben a magyar k\u00f6zt\u00e1rsas\u00e1gi eln\u00f6k vatik\u00e1ni l\u00e1togat\u00e1sakor, \u00e9s kifejezte nagyrabecs\u00fcl\u00e9s\u00e9t \u00c1llamalap\u00edt\u00f3nk ir\u00e1nt, \u00e9s tisztelet\u00e9t az\u00e9rt, hogy Magyarorsz\u00e1g \u2013 alap\u00edt\u00f3j\u00e1hoz \u00e9s Szent L\u00e1szl\u00f3 kir\u00e1ly eszm\u00e9nyeihez ragaszkodva \u2013 ezer esztend\u0151 viharaiban mindig <em>orsz\u00e1g<\/em> tudott maradni. A \u201eminden ember azonos \u00e1llapotban sz\u00fcletik\u201d elv\u00e9t nem a francia forradalom okm\u00e1nyai mondt\u00e1k ki Eur\u00f3pa t\u00f6rt\u00e9net\u00e9ben els\u0151k\u00e9nt, hanem az els\u0151 magyar kir\u00e1ly <em>Intelmei<\/em>: <em>\u201eAz uralom negyedik d\u00edsze a f\u0151emberek, isp\u00e1nok, vit\u00e9zek h\u0171s\u00e9ge, er\u0151ss\u00e9ge, ser\u00e9nys\u00e9ge, sz\u00edvess\u00e9ge \u00e9s bizalma. Mert \u0151k orsz\u00e1god v\u00e9d\u0151 falai, a gyeng\u00e9k oltalmaz\u00f3i, az ellens\u00e9g puszt\u00edt\u00f3i, a hat\u00e1rok gyarap\u00edt\u00f3i. Legyenek \u0151k, fiam, aty\u00e1id \u00e9s testv\u00e9reid, k\u00f6z\u00fcl\u00fck bizony senkit se hajts szolgas\u00e1gba, senkit se nevezz szolg\u00e1nak. Katon\u00e1skodjanak, ne szolg\u00e1ljanak, uralkodj mindannyiukon harag, g\u0151g, gy\u0171l\u00f6ls\u00e9g n\u00e9lk\u00fcl, b\u00e9k\u00e9sen, al\u00e1zatosan, szel\u00edden; tartsd mindig eszedben, hogy minden ember azonos \u00e1llapotban sz\u00fcletik, \u00e9s hogy semmi sem emel fel, csakis az al\u00e1zat, semmi sem tasz\u00edt le, csakis a g\u0151g \u00e9s a gy\u0171l\u00f6ls\u00e9g. Ha b\u00e9keszeret\u0151 leszel, kir\u00e1lynak \u00e9s kir\u00e1ly fi\u00e1nak mondanak, \u00e9s minden vit\u00e9z szeretni fog; ha haraggal, g\u0151g\u00f6sen, gy\u0171l\u00f6lk\u00f6dve, b\u00e9k\u00e9tlen\u00fcl kev\u00e9lykedsz az isp\u00e1nok \u00e9s f\u0151emberek f\u00f6l\u00f6tt, a vit\u00e9zek ereje bizonnyal hom\u00e1lyba bor\u00edtja a kir\u00e1lyi m\u00e9lt\u00f3s\u00e1got, \u00e9s m\u00e1sokra sz\u00e1ll kir\u00e1lys\u00e1god.\u201d<\/em> Az \u0151s\u00f6k, az el\u0151d\u00f6k tan\u00edt\u00e1s\u00e1nak \u00e9s tud\u00e1s\u00e1nak tisztelet\u00e9r\u0151l \u00edrt sorok most is \u00fatmutat\u00e1st adhatnak: <em>\u201e\u0150seink k\u00f6vet\u00e9se foglalja el a kir\u00e1lyi m\u00e9lt\u00f3s\u00e1gban a nyolcadik helyet. A legnagyobb kir\u00e1lyi \u00e9kess\u00e9g, az \u00e9n tud\u00e1som szerint, a kir\u00e1lyel\u0151d\u00f6k ut\u00e1n j\u00e1rni, a sz\u00fcl\u0151ket ut\u00e1nozni. Aki ugyanis megveti, amit megszabtak atyai el\u0151dei, az isteni t\u00f6rv\u00e9nyekre sem \u00fcgyel. Mert az aty\u00e1k az\u00e9rt aty\u00e1k, hogy fiaikat gy\u00e1mol\u00edts\u00e1k, a fiak pedig az\u00e9rt fiak, hogy sz\u00fcleiknek sz\u00f3t fogadjanak. Aki atyj\u00e1val szemben \u00e1ll, Isten ellens\u00e9g\u00e9nek \u00e1ll. Mert minden engedetlen Istennel \u00e1ll szemben.\u201d<\/em> \u00c9s \u00e1lljon itt n\u00e9h\u00e1ny mondat a kereszt\u00e9ny f\u0151 er\u00e9nyekr\u0151l is, ugyancsak az <em>Intelmek<\/em>et id\u00e9zve: <em>\u201eMert a szeretet gyakorl\u00e1sa vezet el a legf\u0151bb boldogs\u00e1ghoz. L\u00e9gy irgalmas minden er\u0151szakot szenved\u0151h\u00f6z, \u0151rizd sz\u00edvedben mindig az isteni int\u00e9st: &lt;Irgalmass\u00e1got akarok, nem \u00e1ldozatot.&gt; L\u00e9gy t\u00fcrelmes mindenekhez, nemcsak a hatalmasokhoz, hanem azokhoz, akik nem f\u00e9rnek a hatalomhoz. Azut\u00e1n l\u00e9gy er\u0151s, nehogy a szerencse t\u00fals\u00e1gosan felvessen, vagy a balsors letasz\u00edtson. L\u00e9gy al\u00e1zatos is, hogy Isten felmagasztaljon most \u00e9s a j\u00f6v\u0151ben. L\u00e9gy majd m\u00e9rt\u00e9kletes, hogy m\u00e9rt\u00e9ken t\u00fal senkit se b\u00fcntess vagy k\u00e1rhoztass. L\u00e9gy szel\u00edd, hogy sohase harcolj az igazs\u00e1g ellen. L\u00e9gy becs\u00fcletes, hogy sz\u00e1nd\u00e9kosan soha senkit gyal\u00e1zattal ne illess. L\u00e9gy szem\u00e9rmes, hogy elker\u00fcld a bujas\u00e1g minden b\u0171z\u00e9t, valamint a hal\u00e1l \u00f6szt\u00f6nz\u0151j\u00e9t. Mindez, amit fentebb \u00e9rintett\u00fcnk, alkotja <strong>a kir\u00e1lyi koron\u00e1t,<\/strong> n\u00e9lk\u00fcl\u00fck sem itt nem tud senki uralkodni, sem az \u00f6r\u00f6k uradalomba bejutni. \u00c1men.\u201d<\/em><\/p>\n\n\n\n<p>A debreceni Szent Istv\u00e1n-templom \u00e9s egyh\u00e1zk\u00f6zs\u00e9g ezer esztend\u0151 ut\u00e1n, de k\u00f6zel 90 \u00e9v ut\u00e1n is feln\u00e9zhet v\u00e9d\u0151szentj\u00e9re, \u00e9letszents\u00e9g\u00e9nek \u00e9s tan\u00edt\u00e1sainak aktualit\u00e1s\u00e1ra. Szent Istv\u00e1n kir\u00e1lyunk, k\u00f6ny\u00f6r\u00f6gj \u00e9rett\u00fcnk, hogy m\u00e9lt\u00f3k lehess\u00fcnk a Krisztus \u00edg\u00e9reteire! \u00c1men.<\/p>\n\n\n\n<p>Forr\u00e1s egyh\u00e1zmegy\u00e9nk honlapj\u00e1n:<\/p>\n\n\n\n<p><blockquote class=\"wp-embedded-content\" data-secret=\"jAfXKos5WA\"><a href=\"https:\/\/www.dnyem.hu\/2022\/08\/22\/a-debreceni-szent-istvan-templom-kozossege-ket-napon-at-unnepelte-a-templomuk-bucsujat-amelybe-a-kossuth-radio-hallgatoi-is-bekapcsolodhattak\/\">A debreceni Szent Istv\u00e1n-templom k\u00f6z\u00f6ss\u00e9ge k\u00e9t napon \u00e1t \u00fcnnepelte a templomuk b\u00facs\u00faj\u00e1t, amelybe a Kossuth R\u00e1di\u00f3 hallgat\u00f3i is bekapcsol\u00f3dhattak<\/a><\/blockquote><iframe loading=\"lazy\" class=\"wp-embedded-content\" sandbox=\"allow-scripts\" security=\"restricted\" style=\"position: absolute; clip: rect(1px, 1px, 1px, 1px);\" title=\"&#8220;A debreceni Szent Istv\u00e1n-templom k\u00f6z\u00f6ss\u00e9ge k\u00e9t napon \u00e1t \u00fcnnepelte a templomuk b\u00facs\u00faj\u00e1t, amelybe a Kossuth R\u00e1di\u00f3 hallgat\u00f3i is bekapcsol\u00f3dhattak&#8221; &#8212; Debrecen-Ny\u00edregyh\u00e1zi Egyh\u00e1zmegye\" src=\"https:\/\/www.dnyem.hu\/2022\/08\/22\/a-debreceni-szent-istvan-templom-kozossege-ket-napon-at-unnepelte-a-templomuk-bucsujat-amelybe-a-kossuth-radio-hallgatoi-is-bekapcsolodhattak\/embed\/#?secret=UtbMTIfCSi#?secret=jAfXKos5WA\" data-secret=\"jAfXKos5WA\" width=\"500\" height=\"282\" frameborder=\"0\" marginwidth=\"0\" marginheight=\"0\" scrolling=\"no\"><\/iframe><\/p>\n\n\n\n<style id=\"bwg-style-0\">    #bwg_container1_0 #bwg_container2_0 .bwg-container-0.bwg-standard-thumbnails {      width: 904px;              justify-content: center;        margin:0 auto !important;              background-color: rgba(255, 255, 255, 0.00);            padding-left: 4px;      padding-top: 4px;      max-width: 100%;            }        #bwg_container1_0 #bwg_container2_0 .bwg-container-0.bwg-standard-thumbnails .bwg-item {      justify-content: flex-start;      max-width: 180px;            width: 180px !important;          }    #bwg_container1_0 #bwg_container2_0 .bwg-container-0.bwg-standard-thumbnails .bwg-item > a {       margin-right: 4px;       margin-bottom: 4px;    }    #bwg_container1_0 #bwg_container2_0 .bwg-container-0.bwg-standard-thumbnails .bwg-item0 {      padding: 0px;            background-color:rgba(255,255,255, 0.30);      border: 0px none #CCCCCC;      opacity: 1.00;      border-radius: 0;      box-shadow: 0px 0px 0px #888888;    }    #bwg_container1_0 #bwg_container2_0 .bwg-container-0.bwg-standard-thumbnails .bwg-item1 img {      max-height: none;      max-width: none;      padding: 0 !important;    }        @media only screen and (min-width: 480px) {      #bwg_container1_0 #bwg_container2_0 .bwg-container-0.bwg-standard-thumbnails .bwg-item0 {        transition: all 0.3s ease 0s;-webkit-transition: all 0.3s ease 0s;      }      #bwg_container1_0 #bwg_container2_0 .bwg-container-0.bwg-standard-thumbnails .bwg-item0:hover {        -ms-transform: scale(1.1);        -webkit-transform: scale(1.1);        transform: scale(1.1);      }    }          #bwg_container1_0 #bwg_container2_0 .bwg-container-0.bwg-standard-thumbnails .bwg-item1 {      padding-top: 50%;    }        #bwg_container1_0 #bwg_container2_0 .bwg-container-0.bwg-standard-thumbnails .bwg-title2,    #bwg_container1_0 #bwg_container2_0 .bwg-container-0.bwg-standard-thumbnails .bwg-ecommerce2 {      color: #CCCCCC;      font-family: segoe ui;      font-size: 16px;      font-weight: bold;      padding: 2px;      text-shadow: 0px 0px 0px #888888;      max-height: 100%;    }    #bwg_container1_0 #bwg_container2_0 .bwg-container-0.bwg-standard-thumbnails .bwg-thumb-description span {    color: #323A45;    font-family: Ubuntu;    font-size: 12px;    max-height: 100%;    word-wrap: break-word;    }    #bwg_container1_0 #bwg_container2_0 .bwg-container-0.bwg-standard-thumbnails .bwg-play-icon2 {      font-size: 32px;    }    #bwg_container1_0 #bwg_container2_0 .bwg-container-0.bwg-standard-thumbnails .bwg-ecommerce2 {      font-size: 19.2px;      color: #CCCCCC;    }    <\/style>    <div id=\"bwg_container1_0\"         class=\"bwg_container bwg_thumbnail bwg_thumbnails\"         data-right-click-protection=\"0\"         data-bwg=\"0\"         data-gallery-type=\"thumbnails\"         data-current-url=\"https:\/\/szentistvan.dnyem.hu\/index.php?rest_route=%2Fwp%2Fv2%2Fposts%2F4454\"         data-lightbox-url=\"https:\/\/szentistvan.dnyem.hu\/wp-admin\/admin-ajax.php?action=GalleryBox&current_view=0&gallery_id=58&tag=0&theme_id=1&shortcode_id=107&sort_by=order&order_by=asc&current_url=https%3A%2F%2Fszentistvan.dnyem.hu%2Findex.php%3Frest_route%3D%252Fwp%252Fv2%252Fposts%252F4454\"         data-gallery-id=\"58\"         data-popup-width=\"800\"         data-popup-height=\"500\"         data-is-album=\"gallery\"         data-buttons-position=\"bottom\">      <div id=\"bwg_container2_0\">             <div id=\"ajax_loading_0\" class=\"bwg_loading_div_1\">      <div class=\"bwg_loading_div_2\">        <div class=\"bwg_loading_div_3\">          <div id=\"loading_div_0\" class=\"bwg_spider_ajax_loading\">          <\/div>        <\/div>      <\/div>    <\/div>            <form id=\"gal_front_form_0\"              class=\"bwg-hidden\"              method=\"post\"              action=\"#\"              data-current=\"0\"              data-shortcode-id=\"107\"              data-gallery-type=\"thumbnails\"              data-gallery-id=\"58\"              data-tag=\"0\"              data-album-id=\"0\"              data-theme-id=\"1\"              data-ajax-url=\"https:\/\/szentistvan.dnyem.hu\/wp-admin\/admin-ajax.php?action=bwg_frontend_data\">          <div id=\"bwg_container3_0\" class=\"bwg-background bwg-background-0\">            \t\t\t\t\t\t\t\t<div class=\"search_line bwg_tag_select_view\">\t\t\t\t\t\t\t\t       <div class=\"bwg_order_cont\">        <select id=\"bwg_order_0\" class=\"bwg_order bwg_order_0\" onchange=\"bwg_ajax('gal_front_form_0', '0', 'bwg_thumbnails_0', 0, '', 'album', 1, '', this.value)\">          <option  value=\"default\">Order by Default<\/option>          <option  value=\"alt\">Title<\/option>          <option  value=\"date\">Date<\/option>          <option  value=\"filename\">f\u00e1jln\u00e9v<\/option>          <option  value=\"size\">m\u00e9ret<\/option>          <option  value=\"random\">v\u00e9letlen<\/option>        <\/select>      <\/div>      \t\t\t\t\t\t\t\t<\/div>\t\t\t\t\t\t\t    <div data-max-count=\"5\"         data-thumbnail-width=\"180\"         data-bwg=\"0\"         data-gallery-id=\"58\"         data-lightbox-url=\"https:\/\/szentistvan.dnyem.hu\/wp-admin\/admin-ajax.php?action=GalleryBox&current_view=0&gallery_id=58&tag=0&theme_id=1&shortcode_id=107&sort_by=order&order_by=asc&current_url=https%3A%2F%2Fszentistvan.dnyem.hu%2Findex.php%3Frest_route%3D%252Fwp%252Fv2%252Fposts%252F4454\"         id=\"bwg_thumbnails_0\"         class=\"bwg-container-0 bwg-thumbnails bwg-standard-thumbnails bwg-container bwg-border-box\">            <div class=\"bwg-item\">        <a class=\"bwg-a bwg_lightbox\"  data-image-id=\"1860\" href=\"https:\/\/szentistvan.dnyem.hu\/wp-content\/uploads\/photo-gallery\/2022-08-20_bucsu\/01.jpg?bwg=1661613032\" data-elementor-open-lightbox=\"no\" >                <div class=\"bwg-item0 \">          <div class=\"bwg-item1 \">            <div class=\"bwg-item2\">              <img class=\"skip-lazy bwg_standart_thumb_img_0 \"                   data-id=\"1860\"                   data-width=\"1024\"                   data-height=\"678\"                   data-original=\"https:\/\/szentistvan.dnyem.hu\/wp-content\/uploads\/photo-gallery\/2022-08-20_bucsu\/thumb\/01.jpg?bwg=1661613032\"                   src=\"https:\/\/szentistvan.dnyem.hu\/wp-content\/uploads\/photo-gallery\/2022-08-20_bucsu\/thumb\/01.jpg?bwg=1661613032\"                   alt=\"01\" \/>            <\/div>            <div class=\"\">                                                      <\/div>          <\/div>        <\/div>                                <\/a>      <\/div>            <div class=\"bwg-item\">        <a class=\"bwg-a bwg_lightbox\"  data-image-id=\"1859\" href=\"https:\/\/szentistvan.dnyem.hu\/wp-content\/uploads\/photo-gallery\/2022-08-20_bucsu\/02.jpg?bwg=1661613032\" data-elementor-open-lightbox=\"no\" >                <div class=\"bwg-item0 \">          <div class=\"bwg-item1 \">            <div class=\"bwg-item2\">              <img class=\"skip-lazy bwg_standart_thumb_img_0 \"                   data-id=\"1859\"                   data-width=\"1024\"                   data-height=\"678\"                   data-original=\"https:\/\/szentistvan.dnyem.hu\/wp-content\/uploads\/photo-gallery\/2022-08-20_bucsu\/thumb\/02.jpg?bwg=1661613032\"                   src=\"https:\/\/szentistvan.dnyem.hu\/wp-content\/uploads\/photo-gallery\/2022-08-20_bucsu\/thumb\/02.jpg?bwg=1661613032\"                   alt=\"02\" \/>            <\/div>            <div class=\"\">                                                      <\/div>          <\/div>        <\/div>                                <\/a>      <\/div>            <div class=\"bwg-item\">        <a class=\"bwg-a bwg_lightbox\"  data-image-id=\"1858\" href=\"https:\/\/szentistvan.dnyem.hu\/wp-content\/uploads\/photo-gallery\/2022-08-20_bucsu\/03.jpg?bwg=1661613032\" data-elementor-open-lightbox=\"no\" >                <div class=\"bwg-item0 \">          <div class=\"bwg-item1 \">            <div class=\"bwg-item2\">              <img class=\"skip-lazy bwg_standart_thumb_img_0 \"                   data-id=\"1858\"                   data-width=\"1024\"                   data-height=\"678\"                   data-original=\"https:\/\/szentistvan.dnyem.hu\/wp-content\/uploads\/photo-gallery\/2022-08-20_bucsu\/thumb\/03.jpg?bwg=1661613032\"                   src=\"https:\/\/szentistvan.dnyem.hu\/wp-content\/uploads\/photo-gallery\/2022-08-20_bucsu\/thumb\/03.jpg?bwg=1661613032\"                   alt=\"03\" \/>            <\/div>            <div class=\"\">                                                      <\/div>          <\/div>        <\/div>                                <\/a>      <\/div>            <div class=\"bwg-item\">        <a class=\"bwg-a bwg_lightbox\"  data-image-id=\"1857\" href=\"https:\/\/szentistvan.dnyem.hu\/wp-content\/uploads\/photo-gallery\/2022-08-20_bucsu\/04.jpg?bwg=1661613032\" data-elementor-open-lightbox=\"no\" >                <div class=\"bwg-item0 \">          <div class=\"bwg-item1 \">            <div class=\"bwg-item2\">              <img class=\"skip-lazy bwg_standart_thumb_img_0 \"                   data-id=\"1857\"                   data-width=\"678\"                   data-height=\"1024\"                   data-original=\"https:\/\/szentistvan.dnyem.hu\/wp-content\/uploads\/photo-gallery\/2022-08-20_bucsu\/thumb\/04.jpg?bwg=1661613032\"                   src=\"https:\/\/szentistvan.dnyem.hu\/wp-content\/uploads\/photo-gallery\/2022-08-20_bucsu\/thumb\/04.jpg?bwg=1661613032\"                   alt=\"04\" \/>            <\/div>            <div class=\"\">                                                      <\/div>          <\/div>        <\/div>                                <\/a>      <\/div>            <div class=\"bwg-item\">        <a class=\"bwg-a bwg_lightbox\"  data-image-id=\"1856\" href=\"https:\/\/szentistvan.dnyem.hu\/wp-content\/uploads\/photo-gallery\/2022-08-20_bucsu\/05.jpg?bwg=1661613032\" data-elementor-open-lightbox=\"no\" >                <div class=\"bwg-item0 \">          <div class=\"bwg-item1 \">            <div class=\"bwg-item2\">              <img class=\"skip-lazy bwg_standart_thumb_img_0 \"                   data-id=\"1856\"                   data-width=\"1024\"                   data-height=\"678\"                   data-original=\"https:\/\/szentistvan.dnyem.hu\/wp-content\/uploads\/photo-gallery\/2022-08-20_bucsu\/thumb\/05.jpg?bwg=1661613032\"                   src=\"https:\/\/szentistvan.dnyem.hu\/wp-content\/uploads\/photo-gallery\/2022-08-20_bucsu\/thumb\/05.jpg?bwg=1661613032\"                   alt=\"05\" \/>            <\/div>            <div class=\"\">                                                      <\/div>          <\/div>        <\/div>                                <\/a>      <\/div>            <div class=\"bwg-item\">        <a class=\"bwg-a bwg_lightbox\"  data-image-id=\"1855\" href=\"https:\/\/szentistvan.dnyem.hu\/wp-content\/uploads\/photo-gallery\/2022-08-20_bucsu\/06.jpg?bwg=1661613032\" data-elementor-open-lightbox=\"no\" >                <div class=\"bwg-item0 \">          <div class=\"bwg-item1 \">            <div class=\"bwg-item2\">              <img class=\"skip-lazy bwg_standart_thumb_img_0 \"                   data-id=\"1855\"                   data-width=\"1024\"                   data-height=\"678\"                   data-original=\"https:\/\/szentistvan.dnyem.hu\/wp-content\/uploads\/photo-gallery\/2022-08-20_bucsu\/thumb\/06.jpg?bwg=1661613032\"                   src=\"https:\/\/szentistvan.dnyem.hu\/wp-content\/uploads\/photo-gallery\/2022-08-20_bucsu\/thumb\/06.jpg?bwg=1661613032\"                   alt=\"06\" \/>            <\/div>            <div class=\"\">                                                      <\/div>          <\/div>        <\/div>                                <\/a>      <\/div>            <div class=\"bwg-item\">        <a class=\"bwg-a bwg_lightbox\"  data-image-id=\"1854\" href=\"https:\/\/szentistvan.dnyem.hu\/wp-content\/uploads\/photo-gallery\/2022-08-20_bucsu\/07.jpg?bwg=1661613032\" data-elementor-open-lightbox=\"no\" >                <div class=\"bwg-item0 \">          <div class=\"bwg-item1 \">            <div class=\"bwg-item2\">              <img class=\"skip-lazy bwg_standart_thumb_img_0 \"                   data-id=\"1854\"                   data-width=\"1024\"                   data-height=\"678\"                   data-original=\"https:\/\/szentistvan.dnyem.hu\/wp-content\/uploads\/photo-gallery\/2022-08-20_bucsu\/thumb\/07.jpg?bwg=1661613032\"                   src=\"https:\/\/szentistvan.dnyem.hu\/wp-content\/uploads\/photo-gallery\/2022-08-20_bucsu\/thumb\/07.jpg?bwg=1661613032\"                   alt=\"07\" \/>            <\/div>            <div class=\"\">                                                      <\/div>          <\/div>        <\/div>                                <\/a>      <\/div>            <div class=\"bwg-item\">        <a class=\"bwg-a bwg_lightbox\"  data-image-id=\"1853\" href=\"https:\/\/szentistvan.dnyem.hu\/wp-content\/uploads\/photo-gallery\/2022-08-20_bucsu\/08.jpg?bwg=1661613032\" data-elementor-open-lightbox=\"no\" >                <div class=\"bwg-item0 \">          <div class=\"bwg-item1 \">            <div class=\"bwg-item2\">              <img class=\"skip-lazy bwg_standart_thumb_img_0 \"                   data-id=\"1853\"                   data-width=\"1024\"                   data-height=\"678\"                   data-original=\"https:\/\/szentistvan.dnyem.hu\/wp-content\/uploads\/photo-gallery\/2022-08-20_bucsu\/thumb\/08.jpg?bwg=1661613032\"                   src=\"https:\/\/szentistvan.dnyem.hu\/wp-content\/uploads\/photo-gallery\/2022-08-20_bucsu\/thumb\/08.jpg?bwg=1661613032\"                   alt=\"08\" \/>            <\/div>            <div class=\"\">                                                      <\/div>          <\/div>        <\/div>                                <\/a>      <\/div>            <div class=\"bwg-item\">        <a class=\"bwg-a bwg_lightbox\"  data-image-id=\"1852\" href=\"https:\/\/szentistvan.dnyem.hu\/wp-content\/uploads\/photo-gallery\/2022-08-20_bucsu\/09.jpg?bwg=1661613032\" data-elementor-open-lightbox=\"no\" >                <div class=\"bwg-item0 \">          <div class=\"bwg-item1 \">            <div class=\"bwg-item2\">              <img class=\"skip-lazy bwg_standart_thumb_img_0 \"                   data-id=\"1852\"                   data-width=\"1024\"                   data-height=\"678\"                   data-original=\"https:\/\/szentistvan.dnyem.hu\/wp-content\/uploads\/photo-gallery\/2022-08-20_bucsu\/thumb\/09.jpg?bwg=1661613032\"                   src=\"https:\/\/szentistvan.dnyem.hu\/wp-content\/uploads\/photo-gallery\/2022-08-20_bucsu\/thumb\/09.jpg?bwg=1661613032\"                   alt=\"09\" \/>            <\/div>            <div class=\"\">                                                      <\/div>          <\/div>        <\/div>                                <\/a>      <\/div>            <div class=\"bwg-item\">        <a class=\"bwg-a bwg_lightbox\"  data-image-id=\"1851\" href=\"https:\/\/szentistvan.dnyem.hu\/wp-content\/uploads\/photo-gallery\/2022-08-20_bucsu\/10.jpg?bwg=1661613032\" data-elementor-open-lightbox=\"no\" >                <div class=\"bwg-item0 \">          <div class=\"bwg-item1 \">            <div class=\"bwg-item2\">              <img class=\"skip-lazy bwg_standart_thumb_img_0 \"                   data-id=\"1851\"                   data-width=\"1024\"                   data-height=\"678\"                   data-original=\"https:\/\/szentistvan.dnyem.hu\/wp-content\/uploads\/photo-gallery\/2022-08-20_bucsu\/thumb\/10.jpg?bwg=1661613032\"                   src=\"https:\/\/szentistvan.dnyem.hu\/wp-content\/uploads\/photo-gallery\/2022-08-20_bucsu\/thumb\/10.jpg?bwg=1661613032\"                   alt=\"10\" \/>            <\/div>            <div class=\"\">                                                      <\/div>          <\/div>        <\/div>                                <\/a>      <\/div>            <div class=\"bwg-item\">        <a class=\"bwg-a bwg_lightbox\"  data-image-id=\"1850\" href=\"https:\/\/szentistvan.dnyem.hu\/wp-content\/uploads\/photo-gallery\/2022-08-20_bucsu\/11.jpg?bwg=1661613032\" data-elementor-open-lightbox=\"no\" >                <div class=\"bwg-item0 \">          <div class=\"bwg-item1 \">            <div class=\"bwg-item2\">              <img class=\"skip-lazy bwg_standart_thumb_img_0 \"                   data-id=\"1850\"                   data-width=\"1024\"                   data-height=\"678\"                   data-original=\"https:\/\/szentistvan.dnyem.hu\/wp-content\/uploads\/photo-gallery\/2022-08-20_bucsu\/thumb\/11.jpg?bwg=1661613032\"                   src=\"https:\/\/szentistvan.dnyem.hu\/wp-content\/uploads\/photo-gallery\/2022-08-20_bucsu\/thumb\/11.jpg?bwg=1661613032\"                   alt=\"11\" \/>            <\/div>            <div class=\"\">                                                      <\/div>          <\/div>        <\/div>                                <\/a>      <\/div>            <div class=\"bwg-item\">        <a class=\"bwg-a bwg_lightbox\"  data-image-id=\"1849\" href=\"https:\/\/szentistvan.dnyem.hu\/wp-content\/uploads\/photo-gallery\/2022-08-20_bucsu\/12.jpg?bwg=1661613032\" data-elementor-open-lightbox=\"no\" >                <div class=\"bwg-item0 \">          <div class=\"bwg-item1 \">            <div class=\"bwg-item2\">              <img class=\"skip-lazy bwg_standart_thumb_img_0 \"                   data-id=\"1849\"                   data-width=\"1024\"                   data-height=\"678\"                   data-original=\"https:\/\/szentistvan.dnyem.hu\/wp-content\/uploads\/photo-gallery\/2022-08-20_bucsu\/thumb\/12.jpg?bwg=1661613032\"                   src=\"https:\/\/szentistvan.dnyem.hu\/wp-content\/uploads\/photo-gallery\/2022-08-20_bucsu\/thumb\/12.jpg?bwg=1661613032\"                   alt=\"12\" \/>            <\/div>            <div class=\"\">                                                      <\/div>          <\/div>        <\/div>                                <\/a>      <\/div>            <div class=\"bwg-item\">        <a class=\"bwg-a bwg_lightbox\"  data-image-id=\"1848\" href=\"https:\/\/szentistvan.dnyem.hu\/wp-content\/uploads\/photo-gallery\/2022-08-20_bucsu\/13.jpg?bwg=1661613032\" data-elementor-open-lightbox=\"no\" >                <div class=\"bwg-item0 \">          <div class=\"bwg-item1 \">            <div class=\"bwg-item2\">              <img class=\"skip-lazy bwg_standart_thumb_img_0 \"                   data-id=\"1848\"                   data-width=\"678\"                   data-height=\"1024\"                   data-original=\"https:\/\/szentistvan.dnyem.hu\/wp-content\/uploads\/photo-gallery\/2022-08-20_bucsu\/thumb\/13.jpg?bwg=1661613032\"                   src=\"https:\/\/szentistvan.dnyem.hu\/wp-content\/uploads\/photo-gallery\/2022-08-20_bucsu\/thumb\/13.jpg?bwg=1661613032\"                   alt=\"13\" \/>            <\/div>            <div class=\"\">                                                      <\/div>          <\/div>        <\/div>                                <\/a>      <\/div>            <div class=\"bwg-item\">        <a class=\"bwg-a bwg_lightbox\"  data-image-id=\"1847\" href=\"https:\/\/szentistvan.dnyem.hu\/wp-content\/uploads\/photo-gallery\/2022-08-20_bucsu\/14.jpg?bwg=1661613032\" data-elementor-open-lightbox=\"no\" >                <div class=\"bwg-item0 \">          <div class=\"bwg-item1 \">            <div class=\"bwg-item2\">              <img class=\"skip-lazy bwg_standart_thumb_img_0 \"                   data-id=\"1847\"                   data-width=\"1024\"                   data-height=\"678\"                   data-original=\"https:\/\/szentistvan.dnyem.hu\/wp-content\/uploads\/photo-gallery\/2022-08-20_bucsu\/thumb\/14.jpg?bwg=1661613032\"                   src=\"https:\/\/szentistvan.dnyem.hu\/wp-content\/uploads\/photo-gallery\/2022-08-20_bucsu\/thumb\/14.jpg?bwg=1661613032\"                   alt=\"14\" \/>            <\/div>            <div class=\"\">                                                      <\/div>          <\/div>        <\/div>                                <\/a>      <\/div>            <div class=\"bwg-item\">        <a class=\"bwg-a bwg_lightbox\"  data-image-id=\"1846\" href=\"https:\/\/szentistvan.dnyem.hu\/wp-content\/uploads\/photo-gallery\/2022-08-20_bucsu\/15.jpg?bwg=1661613032\" data-elementor-open-lightbox=\"no\" >                <div class=\"bwg-item0 \">          <div class=\"bwg-item1 \">            <div class=\"bwg-item2\">              <img class=\"skip-lazy bwg_standart_thumb_img_0 \"                   data-id=\"1846\"                   data-width=\"678\"                   data-height=\"1024\"                   data-original=\"https:\/\/szentistvan.dnyem.hu\/wp-content\/uploads\/photo-gallery\/2022-08-20_bucsu\/thumb\/15.jpg?bwg=1661613032\"                   src=\"https:\/\/szentistvan.dnyem.hu\/wp-content\/uploads\/photo-gallery\/2022-08-20_bucsu\/thumb\/15.jpg?bwg=1661613032\"                   alt=\"15\" \/>            <\/div>            <div class=\"\">                                                      <\/div>          <\/div>        <\/div>                                <\/a>      <\/div>            <div class=\"bwg-item\">        <a class=\"bwg-a bwg_lightbox\"  data-image-id=\"1845\" href=\"https:\/\/szentistvan.dnyem.hu\/wp-content\/uploads\/photo-gallery\/2022-08-20_bucsu\/16.jpg?bwg=1661613032\" data-elementor-open-lightbox=\"no\" >                <div class=\"bwg-item0 \">          <div class=\"bwg-item1 \">            <div class=\"bwg-item2\">              <img class=\"skip-lazy bwg_standart_thumb_img_0 \"                   data-id=\"1845\"                   data-width=\"1024\"                   data-height=\"678\"                   data-original=\"https:\/\/szentistvan.dnyem.hu\/wp-content\/uploads\/photo-gallery\/2022-08-20_bucsu\/thumb\/16.jpg?bwg=1661613032\"                   src=\"https:\/\/szentistvan.dnyem.hu\/wp-content\/uploads\/photo-gallery\/2022-08-20_bucsu\/thumb\/16.jpg?bwg=1661613032\"                   alt=\"16\" \/>            <\/div>            <div class=\"\">                                                      <\/div>          <\/div>        <\/div>                                <\/a>      <\/div>            <div class=\"bwg-item\">        <a class=\"bwg-a bwg_lightbox\"  data-image-id=\"1844\" href=\"https:\/\/szentistvan.dnyem.hu\/wp-content\/uploads\/photo-gallery\/2022-08-20_bucsu\/17.jpg?bwg=1661613032\" data-elementor-open-lightbox=\"no\" >                <div class=\"bwg-item0 \">          <div class=\"bwg-item1 \">            <div class=\"bwg-item2\">              <img class=\"skip-lazy bwg_standart_thumb_img_0 \"                   data-id=\"1844\"                   data-width=\"1024\"                   data-height=\"678\"                   data-original=\"https:\/\/szentistvan.dnyem.hu\/wp-content\/uploads\/photo-gallery\/2022-08-20_bucsu\/thumb\/17.jpg?bwg=1661613032\"                   src=\"https:\/\/szentistvan.dnyem.hu\/wp-content\/uploads\/photo-gallery\/2022-08-20_bucsu\/thumb\/17.jpg?bwg=1661613032\"                   alt=\"17\" \/>            <\/div>            <div class=\"\">                                                      <\/div>          <\/div>        <\/div>                                <\/a>      <\/div>            <div class=\"bwg-item\">        <a class=\"bwg-a bwg_lightbox\"  data-image-id=\"1843\" href=\"https:\/\/szentistvan.dnyem.hu\/wp-content\/uploads\/photo-gallery\/2022-08-20_bucsu\/18.jpg?bwg=1661613032\" data-elementor-open-lightbox=\"no\" >                <div class=\"bwg-item0 \">          <div class=\"bwg-item1 \">            <div class=\"bwg-item2\">              <img class=\"skip-lazy bwg_standart_thumb_img_0 \"                   data-id=\"1843\"                   data-width=\"1024\"                   data-height=\"678\"                   data-original=\"https:\/\/szentistvan.dnyem.hu\/wp-content\/uploads\/photo-gallery\/2022-08-20_bucsu\/thumb\/18.jpg?bwg=1661613032\"                   src=\"https:\/\/szentistvan.dnyem.hu\/wp-content\/uploads\/photo-gallery\/2022-08-20_bucsu\/thumb\/18.jpg?bwg=1661613032\"                   alt=\"18\" \/>            <\/div>            <div class=\"\">                                                      <\/div>          <\/div>        <\/div>                                <\/a>      <\/div>            <div class=\"bwg-item\">        <a class=\"bwg-a bwg_lightbox\"  data-image-id=\"1842\" href=\"https:\/\/szentistvan.dnyem.hu\/wp-content\/uploads\/photo-gallery\/2022-08-20_bucsu\/19.jpg?bwg=1661613032\" data-elementor-open-lightbox=\"no\" >                <div class=\"bwg-item0 \">          <div class=\"bwg-item1 \">            <div class=\"bwg-item2\">              <img class=\"skip-lazy bwg_standart_thumb_img_0 \"                   data-id=\"1842\"                   data-width=\"678\"                   data-height=\"1024\"                   data-original=\"https:\/\/szentistvan.dnyem.hu\/wp-content\/uploads\/photo-gallery\/2022-08-20_bucsu\/thumb\/19.jpg?bwg=1661613032\"                   src=\"https:\/\/szentistvan.dnyem.hu\/wp-content\/uploads\/photo-gallery\/2022-08-20_bucsu\/thumb\/19.jpg?bwg=1661613032\"                   alt=\"19\" \/>            <\/div>            <div class=\"\">                                                      <\/div>          <\/div>        <\/div>                                <\/a>      <\/div>            <div class=\"bwg-item\">        <a class=\"bwg-a bwg_lightbox\"  data-image-id=\"1841\" href=\"https:\/\/szentistvan.dnyem.hu\/wp-content\/uploads\/photo-gallery\/2022-08-20_bucsu\/20.jpg?bwg=1661613032\" data-elementor-open-lightbox=\"no\" >                <div class=\"bwg-item0 \">          <div class=\"bwg-item1 \">            <div class=\"bwg-item2\">              <img class=\"skip-lazy bwg_standart_thumb_img_0 \"                   data-id=\"1841\"                   data-width=\"1024\"                   data-height=\"678\"                   data-original=\"https:\/\/szentistvan.dnyem.hu\/wp-content\/uploads\/photo-gallery\/2022-08-20_bucsu\/thumb\/20.jpg?bwg=1661613032\"                   src=\"https:\/\/szentistvan.dnyem.hu\/wp-content\/uploads\/photo-gallery\/2022-08-20_bucsu\/thumb\/20.jpg?bwg=1661613032\"                   alt=\"20\" \/>            <\/div>            <div class=\"\">                                                      <\/div>          <\/div>        <\/div>                                <\/a>      <\/div>            <div class=\"bwg-item\">        <a class=\"bwg-a bwg_lightbox\"  data-image-id=\"1840\" href=\"https:\/\/szentistvan.dnyem.hu\/wp-content\/uploads\/photo-gallery\/2022-08-20_bucsu\/21.jpg?bwg=1661613032\" data-elementor-open-lightbox=\"no\" >                <div class=\"bwg-item0 \">          <div class=\"bwg-item1 \">            <div class=\"bwg-item2\">              <img class=\"skip-lazy bwg_standart_thumb_img_0 \"                   data-id=\"1840\"                   data-width=\"1024\"                   data-height=\"678\"                   data-original=\"https:\/\/szentistvan.dnyem.hu\/wp-content\/uploads\/photo-gallery\/2022-08-20_bucsu\/thumb\/21.jpg?bwg=1661613032\"                   src=\"https:\/\/szentistvan.dnyem.hu\/wp-content\/uploads\/photo-gallery\/2022-08-20_bucsu\/thumb\/21.jpg?bwg=1661613032\"                   alt=\"21\" \/>            <\/div>            <div class=\"\">                                                      <\/div>          <\/div>        <\/div>                                <\/a>      <\/div>            <div class=\"bwg-item\">        <a class=\"bwg-a bwg_lightbox\"  data-image-id=\"1839\" href=\"https:\/\/szentistvan.dnyem.hu\/wp-content\/uploads\/photo-gallery\/2022-08-20_bucsu\/22.jpg?bwg=1661613032\" data-elementor-open-lightbox=\"no\" >                <div class=\"bwg-item0 \">          <div class=\"bwg-item1 \">            <div class=\"bwg-item2\">              <img class=\"skip-lazy bwg_standart_thumb_img_0 \"                   data-id=\"1839\"                   data-width=\"1024\"                   data-height=\"678\"                   data-original=\"https:\/\/szentistvan.dnyem.hu\/wp-content\/uploads\/photo-gallery\/2022-08-20_bucsu\/thumb\/22.jpg?bwg=1661613032\"                   src=\"https:\/\/szentistvan.dnyem.hu\/wp-content\/uploads\/photo-gallery\/2022-08-20_bucsu\/thumb\/22.jpg?bwg=1661613032\"                   alt=\"22\" \/>            <\/div>            <div class=\"\">                                                      <\/div>          <\/div>        <\/div>                                <\/a>      <\/div>            <div class=\"bwg-item\">        <a class=\"bwg-a bwg_lightbox\"  data-image-id=\"1838\" href=\"https:\/\/szentistvan.dnyem.hu\/wp-content\/uploads\/photo-gallery\/2022-08-20_bucsu\/23.jpg?bwg=1661613032\" data-elementor-open-lightbox=\"no\" >                <div class=\"bwg-item0 \">          <div class=\"bwg-item1 \">            <div class=\"bwg-item2\">              <img class=\"skip-lazy bwg_standart_thumb_img_0 \"                   data-id=\"1838\"                   data-width=\"1024\"                   data-height=\"678\"                   data-original=\"https:\/\/szentistvan.dnyem.hu\/wp-content\/uploads\/photo-gallery\/2022-08-20_bucsu\/thumb\/23.jpg?bwg=1661613032\"                   src=\"https:\/\/szentistvan.dnyem.hu\/wp-content\/uploads\/photo-gallery\/2022-08-20_bucsu\/thumb\/23.jpg?bwg=1661613032\"                   alt=\"23\" \/>            <\/div>            <div class=\"\">                                                      <\/div>          <\/div>        <\/div>                                <\/a>      <\/div>            <div class=\"bwg-item\">        <a class=\"bwg-a bwg_lightbox\"  data-image-id=\"1837\" href=\"https:\/\/szentistvan.dnyem.hu\/wp-content\/uploads\/photo-gallery\/2022-08-20_bucsu\/24.jpg?bwg=1661613032\" data-elementor-open-lightbox=\"no\" >                <div class=\"bwg-item0 \">          <div class=\"bwg-item1 \">            <div class=\"bwg-item2\">              <img class=\"skip-lazy bwg_standart_thumb_img_0 \"                   data-id=\"1837\"                   data-width=\"1024\"                   data-height=\"678\"                   data-original=\"https:\/\/szentistvan.dnyem.hu\/wp-content\/uploads\/photo-gallery\/2022-08-20_bucsu\/thumb\/24.jpg?bwg=1661613032\"                   src=\"https:\/\/szentistvan.dnyem.hu\/wp-content\/uploads\/photo-gallery\/2022-08-20_bucsu\/thumb\/24.jpg?bwg=1661613032\"                   alt=\"24\" \/>            <\/div>            <div class=\"\">                                                      <\/div>          <\/div>        <\/div>                                <\/a>      <\/div>            <div class=\"bwg-item\">        <a class=\"bwg-a bwg_lightbox\"  data-image-id=\"1836\" href=\"https:\/\/szentistvan.dnyem.hu\/wp-content\/uploads\/photo-gallery\/2022-08-20_bucsu\/25.jpg?bwg=1661613032\" data-elementor-open-lightbox=\"no\" >                <div class=\"bwg-item0 \">          <div class=\"bwg-item1 \">            <div class=\"bwg-item2\">              <img class=\"skip-lazy bwg_standart_thumb_img_0 \"                   data-id=\"1836\"                   data-width=\"1024\"                   data-height=\"678\"                   data-original=\"https:\/\/szentistvan.dnyem.hu\/wp-content\/uploads\/photo-gallery\/2022-08-20_bucsu\/thumb\/25.jpg?bwg=1661613032\"                   src=\"https:\/\/szentistvan.dnyem.hu\/wp-content\/uploads\/photo-gallery\/2022-08-20_bucsu\/thumb\/25.jpg?bwg=1661613032\"                   alt=\"25\" \/>            <\/div>            <div class=\"\">                                                      <\/div>          <\/div>        <\/div>                                <\/a>      <\/div>            <div class=\"bwg-item\">        <a class=\"bwg-a bwg_lightbox\"  data-image-id=\"1835\" href=\"https:\/\/szentistvan.dnyem.hu\/wp-content\/uploads\/photo-gallery\/2022-08-20_bucsu\/26.jpg?bwg=1661613032\" data-elementor-open-lightbox=\"no\" >                <div class=\"bwg-item0 \">          <div class=\"bwg-item1 \">            <div class=\"bwg-item2\">              <img class=\"skip-lazy bwg_standart_thumb_img_0 \"                   data-id=\"1835\"                   data-width=\"678\"                   data-height=\"1024\"                   data-original=\"https:\/\/szentistvan.dnyem.hu\/wp-content\/uploads\/photo-gallery\/2022-08-20_bucsu\/thumb\/26.jpg?bwg=1661613032\"                   src=\"https:\/\/szentistvan.dnyem.hu\/wp-content\/uploads\/photo-gallery\/2022-08-20_bucsu\/thumb\/26.jpg?bwg=1661613032\"                   alt=\"26\" \/>            <\/div>            <div class=\"\">                                                      <\/div>          <\/div>        <\/div>                                <\/a>      <\/div>            <div class=\"bwg-item\">        <a class=\"bwg-a bwg_lightbox\"  data-image-id=\"1834\" href=\"https:\/\/szentistvan.dnyem.hu\/wp-content\/uploads\/photo-gallery\/2022-08-20_bucsu\/27.jpg?bwg=1661613032\" data-elementor-open-lightbox=\"no\" >                <div class=\"bwg-item0 \">          <div class=\"bwg-item1 \">            <div class=\"bwg-item2\">              <img class=\"skip-lazy bwg_standart_thumb_img_0 \"                   data-id=\"1834\"                   data-width=\"1024\"                   data-height=\"678\"                   data-original=\"https:\/\/szentistvan.dnyem.hu\/wp-content\/uploads\/photo-gallery\/2022-08-20_bucsu\/thumb\/27.jpg?bwg=1661613032\"                   src=\"https:\/\/szentistvan.dnyem.hu\/wp-content\/uploads\/photo-gallery\/2022-08-20_bucsu\/thumb\/27.jpg?bwg=1661613032\"                   alt=\"27\" \/>            <\/div>            <div class=\"\">                                                      <\/div>          <\/div>        <\/div>                                <\/a>      <\/div>            <div class=\"bwg-item\">        <a class=\"bwg-a bwg_lightbox\"  data-image-id=\"1833\" href=\"https:\/\/szentistvan.dnyem.hu\/wp-content\/uploads\/photo-gallery\/2022-08-20_bucsu\/28.jpg?bwg=1661613032\" data-elementor-open-lightbox=\"no\" >                <div class=\"bwg-item0 \">          <div class=\"bwg-item1 \">            <div class=\"bwg-item2\">              <img class=\"skip-lazy bwg_standart_thumb_img_0 \"                   data-id=\"1833\"                   data-width=\"1024\"                   data-height=\"678\"                   data-original=\"https:\/\/szentistvan.dnyem.hu\/wp-content\/uploads\/photo-gallery\/2022-08-20_bucsu\/thumb\/28.jpg?bwg=1661613032\"                   src=\"https:\/\/szentistvan.dnyem.hu\/wp-content\/uploads\/photo-gallery\/2022-08-20_bucsu\/thumb\/28.jpg?bwg=1661613032\"                   alt=\"28\" \/>            <\/div>            <div class=\"\">                                                      <\/div>          <\/div>        <\/div>                                <\/a>      <\/div>            <div class=\"bwg-item\">        <a class=\"bwg-a bwg_lightbox\"  data-image-id=\"1832\" href=\"https:\/\/szentistvan.dnyem.hu\/wp-content\/uploads\/photo-gallery\/2022-08-20_bucsu\/29.jpg?bwg=1661613032\" data-elementor-open-lightbox=\"no\" >                <div class=\"bwg-item0 \">          <div class=\"bwg-item1 \">            <div class=\"bwg-item2\">              <img class=\"skip-lazy bwg_standart_thumb_img_0 \"                   data-id=\"1832\"                   data-width=\"1024\"                   data-height=\"678\"                   data-original=\"https:\/\/szentistvan.dnyem.hu\/wp-content\/uploads\/photo-gallery\/2022-08-20_bucsu\/thumb\/29.jpg?bwg=1661613032\"                   src=\"https:\/\/szentistvan.dnyem.hu\/wp-content\/uploads\/photo-gallery\/2022-08-20_bucsu\/thumb\/29.jpg?bwg=1661613032\"                   alt=\"29\" \/>            <\/div>            <div class=\"\">                                                      <\/div>          <\/div>        <\/div>                                <\/a>      <\/div>            <div class=\"bwg-item\">        <a class=\"bwg-a bwg_lightbox\"  data-image-id=\"1831\" href=\"https:\/\/szentistvan.dnyem.hu\/wp-content\/uploads\/photo-gallery\/2022-08-20_bucsu\/30.jpg?bwg=1661613032\" data-elementor-open-lightbox=\"no\" >                <div class=\"bwg-item0 \">          <div class=\"bwg-item1 \">            <div class=\"bwg-item2\">              <img class=\"skip-lazy bwg_standart_thumb_img_0 \"                   data-id=\"1831\"                   data-width=\"1024\"                   data-height=\"678\"                   data-original=\"https:\/\/szentistvan.dnyem.hu\/wp-content\/uploads\/photo-gallery\/2022-08-20_bucsu\/thumb\/30.jpg?bwg=1661613032\"                   src=\"https:\/\/szentistvan.dnyem.hu\/wp-content\/uploads\/photo-gallery\/2022-08-20_bucsu\/thumb\/30.jpg?bwg=1661613032\"                   alt=\"30\" \/>            <\/div>            <div class=\"\">                                                      <\/div>          <\/div>        <\/div>                                <\/a>      <\/div>          <\/div>    <style>      \/*pagination styles*\/      #bwg_container1_0 #bwg_container2_0 .tablenav-pages_0 {      text-align: center;      font-size: 12px;      font-family: segoe ui;      font-weight: bold;      color: #666666;      margin: 6px 0 4px;      display: block;      height: 30px;      line-height: 30px;      }      @media only screen and (max-width : 320px) {      #bwg_container1_0 #bwg_container2_0 .displaying-num_0 {      display: none;      }      }      #bwg_container1_0 #bwg_container2_0 .displaying-num_0 {      font-size: 12px;      font-family: segoe ui;      font-weight: bold;      color: #666666;      margin-right: 10px;      vertical-align: middle;      }      #bwg_container1_0 #bwg_container2_0 .paging-input_0 {      font-size: 12px;      font-family: segoe ui;      font-weight: bold;      color: #666666;      vertical-align: middle;      }      #bwg_container1_0 #bwg_container2_0 .tablenav-pages_0 a.disabled,      #bwg_container1_0 #bwg_container2_0 .tablenav-pages_0 a.disabled:hover,      #bwg_container1_0 #bwg_container2_0 .tablenav-pages_0 a.disabled:focus,\t\t\t#bwg_container1_0 #bwg_container2_0 .tablenav-pages_0 input.bwg_current_page {      cursor: default;      color: rgba(102, 102, 102, 0.5);      }      #bwg_container1_0 #bwg_container2_0 .tablenav-pages_0 a,      #bwg_container1_0 #bwg_container2_0 .tablenav-pages_0 input.bwg_current_page {      cursor: pointer;\t\t\t\ttext-align: center;      font-size: 12px;      font-family: segoe ui;      font-weight: bold;      color: #666666;      text-decoration: none;      padding: 3px 6px;      margin: 0;      border-radius: 0;      border-style: solid;      border-width: 1px;      border-color: #E3E3E3;      background-color: #FFFFFF;      opacity: 1.00;      box-shadow: 0;      transition: all 0.3s ease 0s;-webkit-transition: all 0.3s ease 0s;      }      <\/style>      <span class=\"bwg_nav_cont_0\">              <div class=\"tablenav-pages_0\">                      <span class=\"pagination-links_0 pagination-links\" data-pages-count=\"2\">              <span class=\"pagination-links_col1\">              <a class=\"bwg-a first-page disabled\" title=\"Ugr\u00e1s az els\u0151 oldalra\" >\u00ab<\/a>              <a class=\"bwg-a prev-page disabled\" title=\"Ugr\u00e1s az el\u0151z\u0151 oldalra\" >\u2039<\/a>              <\/span>               <span class=\"pagination-links_col2\">\t\t\t\t\t\t\t\t\t<input type=\"number\" class=\"bwg_current_page\" name=\"bwg_current_page\" value=\"1\" data-url-info=\"page_number_0\" onkeypress=\"return bwg_change_page_0(event, this)\" min=\"1\" oninput=\"validity.valid||(value='')\" \/>\t\t\t\t\t\t\t\t\t\tA                <span class=\"total-pages_0\">                  2                <\/span>               <\/span>              <span class=\"pagination-links_col3\">                <a class=\"bwg-a next-page-0\" title=\"Ugr\u00e1s a k\u00f6vetkez\u0151 oldalra\" href=\"\/index.php?rest_route=%2Fwp%2Fv2%2Fposts%2F4454&#038;page_number_0=2\">\u203a<\/a>                <a class=\"bwg-a last-page-0\" title=\"Menj az utols\u00f3 oldalra\" href=\"\/index.php?rest_route=%2Fwp%2Fv2%2Fposts%2F4454&#038;page_number_0=2\">\u00bb<\/a>              <\/span>              <\/span>                    <\/div>                <input type=\"hidden\" id=\"page_number_0\" name=\"page_number_0\" value=\"1\" \/>      <script type=\"text\/javascript\">        function spider_page_0(cur, x, y, load_more) {          if (typeof load_more == \"undefined\") {            var load_more = false;          }          if (jQuery(cur).hasClass('disabled')) {            return false;          }          var items_county_0 = 2;          switch (y) {            case 1:              if (x >= items_county_0) {                document.getElementById('page_number_0').value = items_county_0;              }              else {                document.getElementById('page_number_0').value = x + 1;              }              break;            case 2:              document.getElementById('page_number_0').value = items_county_0;              break;            case -1:              if (x == 1) {                document.getElementById('page_number_0').value = 1;              }              else {                document.getElementById('page_number_0').value = x - 1;              }              break;            case -2:              document.getElementById('page_number_0').value = 1;              break;\t\t\t\t\t\tcase 0:              document.getElementById('page_number_0').value = x;              break;            default:              document.getElementById('page_number_0').value = 1;          }          bwg_ajax('gal_front_form_0', '0', 'bwg_thumbnails_0', '0', '', 'gallery', 0, '', '', load_more, '', 1);        }                    jQuery('.first-page disabled').on('click', function () {              spider_page_0(this, 1, -2, 'numeric');              return false;            });            jQuery('.prev-page disabled').on('click', function () {              spider_page_0(this, 1, -1, 'numeric');              return false;            });            jQuery('.next-page-0').on('click', function () {              spider_page_0(this, 1, 1, 'numeric');              return false;            });            jQuery('.last-page-0').on('click', function () {              spider_page_0(this, 1, 2, 'numeric');              return false;            });        \t\t\t\t\/* Change page on input enter. *\/        function bwg_change_page_0( e, that ) {          if (  e.key == 'Enter' ) {            var to_page = parseInt(jQuery(that).val());            var pages_count = jQuery(that).parents(\".pagination-links\").data(\"pages-count\");            var current_url_param = jQuery(that).attr('data-url-info');            if (to_page > pages_count) {              to_page = 1;            }\t \t\t\t\t\t\t\t\t\t\t\t\tspider_page_0(this, to_page, 0, 'numeric');\t\t\t\t\t\t\treturn false;\t\t\t\t\t\t          }          return true;        }        jQuery('.bwg_load_btn_0').on('click', function () {            spider_page_0(this, 1, 1, true);            return false;        });      <\/script>      <\/span>                <\/div>        <\/form>          <style>          #bwg_container1_0 #bwg_container2_0 #spider_popup_overlay_0 {          background-color: #000000;          opacity: 0.70;          }          <\/style>        <div id=\"bwg_spider_popup_loading_0\" class=\"bwg_spider_popup_loading\"><\/div>        <div id=\"spider_popup_overlay_0\" class=\"spider_popup_overlay\" onclick=\"spider_destroypopup(1000)\"><\/div>        <input type=\"hidden\" id=\"bwg_random_seed_0\" value=\"1806579112\">                <\/div>    <\/div>    <script>      if (document.readyState === 'complete') {        if( typeof bwg_main_ready == 'function' ) {          if ( jQuery(\"#bwg_container1_0\").height() ) {            bwg_main_ready(jQuery(\"#bwg_container1_0\"));          }        }      } else {        document.addEventListener('DOMContentLoaded', function() {          if( typeof bwg_main_ready == 'function' ) {            if ( jQuery(\"#bwg_container1_0\").height() ) {             bwg_main_ready(jQuery(\"#bwg_container1_0\"));            }          }        });      }    <\/script>    \n\n\n\n<p><\/p>\n","protected":false},"excerpt":{"rendered":"<p>A debreceni Szent Istv\u00e1n-templom k\u00f6z\u00f6ss\u00e9ge augusztus 19-20-ig, k\u00e9t napon \u00e1t \u00fcnnepelte a templom b\u00facs\u00faj\u00e1t, amelybe augusztus 20-\u00e1n a Kossuth R\u00e1di\u00f3 hallgat\u00f3i is bekapcsol\u00f3dhattak: A 8:32-kor&#8230;<\/p>\n","protected":false},"author":2,"featured_media":0,"comment_status":"closed","ping_status":"open","sticky":false,"template":"","format":"standard","meta":[],"categories":[1,9,2],"tags":[],"_links":{"self":[{"href":"https:\/\/szentistvan.dnyem.hu\/index.php?rest_route=\/wp\/v2\/posts\/4454"}],"collection":[{"href":"https:\/\/szentistvan.dnyem.hu\/index.php?rest_route=\/wp\/v2\/posts"}],"about":[{"href":"https:\/\/szentistvan.dnyem.hu\/index.php?rest_route=\/wp\/v2\/types\/post"}],"author":[{"embeddable":true,"href":"https:\/\/szentistvan.dnyem.hu\/index.php?rest_route=\/wp\/v2\/users\/2"}],"replies":[{"embeddable":true,"href":"https:\/\/szentistvan.dnyem.hu\/index.php?rest_route=%2Fwp%2Fv2%2Fcomments&post=4454"}],"version-history":[{"count":8,"href":"https:\/\/szentistvan.dnyem.hu\/index.php?rest_route=\/wp\/v2\/posts\/4454\/revisions"}],"predecessor-version":[{"id":4503,"href":"https:\/\/szentistvan.dnyem.hu\/index.php?rest_route=\/wp\/v2\/posts\/4454\/revisions\/4503"}],"wp:attachment":[{"href":"https:\/\/szentistvan.dnyem.hu\/index.php?rest_route=%2Fwp%2Fv2%2Fmedia&parent=4454"}],"wp:term":[{"taxonomy":"category","embeddable":true,"href":"https:\/\/szentistvan.dnyem.hu\/index.php?rest_route=%2Fwp%2Fv2%2Fcategories&post=4454"},{"taxonomy":"post_tag","embeddable":true,"href":"https:\/\/szentistvan.dnyem.hu\/index.php?rest_route=%2Fwp%2Fv2%2Ftags&post=4454"}],"curies":[{"name":"wp","href":"https:\/\/api.w.org\/{rel}","templated":true}]}}