{"id":4452,"date":"2022-08-10T00:08:04","date_gmt":"2022-08-09T22:08:04","guid":{"rendered":"http:\/\/szentistvan.dnyem.hu\/?p=4452"},"modified":"2022-08-14T12:44:40","modified_gmt":"2022-08-14T10:44:40","slug":"sekrestyest-keresunk","status":"publish","type":"post","link":"https:\/\/szentistvan.dnyem.hu\/?p=4452","title":{"rendered":"Sekresty\u00e9st keres\u00fcnk"},"content":{"rendered":"\n<p><strong>Templomunkban nincs <a rel=\"noreferrer noopener\" href=\"http:\/\/lexikon.katolikus.hu\/S\/sekresty%C3%A9s.html\" target=\"_blank\">sekresty\u00e9s<\/a>. <\/strong>A sekresty\u00e9si munkak\u00f6r a liturgi\u00e1hoz kapcsol\u00f3d\u00f3 fontos Isten- \u00e9s emberszolg\u00e1lat. Bet\u00f6lt\u00e9s\u00e9re olyan vil\u00e1gi f\u00e9rfi vagy n\u0151 alkalmas, aki elhivatotts\u00e1got \u00e9rez a katolikus Egyh\u00e1z szellem\u00e9ben a templom szolg\u00e1lat\u00e1ra, \u00e9s \u00f6r\u00f6m\u00e9t tal\u00e1lja saj\u00e1tos feladatainak teljes\u00edt\u00e9s\u00e9ben. Sz\u00fcks\u00e9ges teh\u00e1t, hogy hivat\u00e1sk\u00e9nt fogja fel szolg\u00e1lat\u00e1t, amely els\u0151sorban a papot seg\u00edti lelkip\u00e1sztori feladatai teljes\u00edt\u00e9s\u00e9ben: el\u0151mozd\u00edtja az istentisztelet m\u00e9lt\u00f3 v\u00e9gz\u00e9s\u00e9t \u00e9s a h\u00edvek bekapcsol\u00f3d\u00e1s\u00e1t. \u00cdgy bizonyos k\u00f6zvet\u00edt\u0151 szerepe van a pap \u00e9s a n\u00e9p k\u00f6z\u00f6tt. Szolg\u00e1lati helye a templom, ahol \u00e9rt\u00e9kes berendez\u00e9seket, ruh\u00e1kat, perselyeket \u0151riz, kezel, gondoz. Munkater\u00fclet\u00e9hez tartozik a templom udvara, kertje, j\u00e1rd\u00e1ja \u00e9s azok az \u00e9p\u00fcletr\u00e9szek is, amelyek nincsenek szem el\u0151tt: a templom padl\u00e1sa, rak-t\u00e1ra \u00e9s a torony.<strong> Jelentkezni min\u00e9l el\u0151bb szem\u00e9lyesen a pl\u00e9b\u00e1nosn\u00e1l lehet. Im\u00e1dkozzunk, hogy j\u00f3 \u00e9s alkalmas testv\u00e9r jelentkezzen, aki mag\u00e1\u00e9nak \u00e9rzi a templomot.<\/strong><\/p>\n","protected":false},"excerpt":{"rendered":"<p>Templomunkban nincs sekresty\u00e9s. A sekresty\u00e9si munkak\u00f6r a liturgi\u00e1hoz kapcsol\u00f3d\u00f3 fontos Isten- \u00e9s emberszolg\u00e1lat. Bet\u00f6lt\u00e9s\u00e9re olyan vil\u00e1gi f\u00e9rfi vagy n\u0151 alkalmas, aki elhivatotts\u00e1got \u00e9rez a katolikus&#8230;<\/p>\n","protected":false},"author":2,"featured_media":0,"comment_status":"closed","ping_status":"open","sticky":false,"template":"","format":"standard","meta":[],"categories":[1],"tags":[],"_links":{"self":[{"href":"https:\/\/szentistvan.dnyem.hu\/index.php?rest_route=\/wp\/v2\/posts\/4452"}],"collection":[{"href":"https:\/\/szentistvan.dnyem.hu\/index.php?rest_route=\/wp\/v2\/posts"}],"about":[{"href":"https:\/\/szentistvan.dnyem.hu\/index.php?rest_route=\/wp\/v2\/types\/post"}],"author":[{"embeddable":true,"href":"https:\/\/szentistvan.dnyem.hu\/index.php?rest_route=\/wp\/v2\/users\/2"}],"replies":[{"embeddable":true,"href":"https:\/\/szentistvan.dnyem.hu\/index.php?rest_route=%2Fwp%2Fv2%2Fcomments&post=4452"}],"version-history":[{"count":2,"href":"https:\/\/szentistvan.dnyem.hu\/index.php?rest_route=\/wp\/v2\/posts\/4452\/revisions"}],"predecessor-version":[{"id":4469,"href":"https:\/\/szentistvan.dnyem.hu\/index.php?rest_route=\/wp\/v2\/posts\/4452\/revisions\/4469"}],"wp:attachment":[{"href":"https:\/\/szentistvan.dnyem.hu\/index.php?rest_route=%2Fwp%2Fv2%2Fmedia&parent=4452"}],"wp:term":[{"taxonomy":"category","embeddable":true,"href":"https:\/\/szentistvan.dnyem.hu\/index.php?rest_route=%2Fwp%2Fv2%2Fcategories&post=4452"},{"taxonomy":"post_tag","embeddable":true,"href":"https:\/\/szentistvan.dnyem.hu\/index.php?rest_route=%2Fwp%2Fv2%2Ftags&post=4452"}],"curies":[{"name":"wp","href":"https:\/\/api.w.org\/{rel}","templated":true}]}}