{"id":4450,"date":"2022-08-21T08:20:00","date_gmt":"2022-08-21T06:20:00","guid":{"rendered":"http:\/\/szentistvan.dnyem.hu\/?p=4450"},"modified":"2022-08-21T11:54:20","modified_gmt":"2022-08-21T09:54:20","slug":"szentmise-felajanlasa","status":"publish","type":"post","link":"https:\/\/szentistvan.dnyem.hu\/?p=4450","title":{"rendered":"Szentmise felaj\u00e1nl\u00e1sa"},"content":{"rendered":"\n<p>A templomba j\u00e1r\u00f3 emberek k\u00f6z\u00fcl is el\u00e9g kevesen mondatnak szentmis\u00e9t \u00e9l\u0151 vagy elhunyt szeretteik\u00e9rt. Nemcsak az\u00e9rt, mert megfogyatkozott az emberekben a hit, hanem az\u00e9rt is, mert kell\u0151 oktat\u00e1s \u00e9s nevel\u00e9s n\u00e9lk\u00fcl nem l\u00e1tj\u00e1k \u00e9rtelm\u00e9t a szentmise felaj\u00e1nl\u00e1s\u00e1nak. Sajn\u00e1latos m\u00f3don az id\u0151sebb katolikus nemzed\u00e9k nem tudta tov\u00e1bbadni az egyh\u00e1z hit\u00e9t, mely szerint &#8220;szent \u00e9s \u00fcdv\u00f6s&#8221; dolog a halottak\u00e9rt im\u00e1dkozni, \u00e9s \u00e9rt\u00fck szentmis\u00e9t felaj\u00e1nlani \u00e9s ugyan\u00edgy tenni az \u00e9l\u0151k\u00e9rt is. <strong>Buzd\u00edtom a h\u00edveket, \u00e9ljenek a szentmise felaj\u00e1nl\u00e1s\u00e1nak felbecs\u00fclhetetlen aj\u00e1nd\u00e9k\u00e1val.<\/strong> <strong>El\u0151re is lehet be\u00edratni a szentmis\u00e9ket, \u00edgy azokat m\u00e1r a hirdet\u00e9sekben is fel tudjuk t\u00fcntetni.<\/strong> Szentmis\u00e9t be\u00edratni, el\u0151jegyeztetni a sekresty\u00e9ben lehet a szentmis\u00e9k ut\u00e1n Kizman P\u00e1l testv\u00e9r\u00fcnkn\u00e9l.<\/p>\n","protected":false},"excerpt":{"rendered":"<p>A templomba j\u00e1r\u00f3 emberek k\u00f6z\u00fcl is el\u00e9g kevesen mondatnak szentmis\u00e9t \u00e9l\u0151 vagy elhunyt szeretteik\u00e9rt. Nemcsak az\u00e9rt, mert megfogyatkozott az emberekben a hit, hanem az\u00e9rt is,&#8230;<\/p>\n","protected":false},"author":2,"featured_media":0,"comment_status":"closed","ping_status":"open","sticky":false,"template":"","format":"standard","meta":[],"categories":[1,9],"tags":[],"_links":{"self":[{"href":"https:\/\/szentistvan.dnyem.hu\/index.php?rest_route=\/wp\/v2\/posts\/4450"}],"collection":[{"href":"https:\/\/szentistvan.dnyem.hu\/index.php?rest_route=\/wp\/v2\/posts"}],"about":[{"href":"https:\/\/szentistvan.dnyem.hu\/index.php?rest_route=\/wp\/v2\/types\/post"}],"author":[{"embeddable":true,"href":"https:\/\/szentistvan.dnyem.hu\/index.php?rest_route=\/wp\/v2\/users\/2"}],"replies":[{"embeddable":true,"href":"https:\/\/szentistvan.dnyem.hu\/index.php?rest_route=%2Fwp%2Fv2%2Fcomments&post=4450"}],"version-history":[{"count":3,"href":"https:\/\/szentistvan.dnyem.hu\/index.php?rest_route=\/wp\/v2\/posts\/4450\/revisions"}],"predecessor-version":[{"id":4480,"href":"https:\/\/szentistvan.dnyem.hu\/index.php?rest_route=\/wp\/v2\/posts\/4450\/revisions\/4480"}],"wp:attachment":[{"href":"https:\/\/szentistvan.dnyem.hu\/index.php?rest_route=%2Fwp%2Fv2%2Fmedia&parent=4450"}],"wp:term":[{"taxonomy":"category","embeddable":true,"href":"https:\/\/szentistvan.dnyem.hu\/index.php?rest_route=%2Fwp%2Fv2%2Fcategories&post=4450"},{"taxonomy":"post_tag","embeddable":true,"href":"https:\/\/szentistvan.dnyem.hu\/index.php?rest_route=%2Fwp%2Fv2%2Ftags&post=4450"}],"curies":[{"name":"wp","href":"https:\/\/api.w.org\/{rel}","templated":true}]}}