{"id":4439,"date":"2022-08-01T11:41:50","date_gmt":"2022-08-01T09:41:50","guid":{"rendered":"http:\/\/szentistvan.dnyem.hu\/?p=4439"},"modified":"2022-08-01T11:41:50","modified_gmt":"2022-08-01T09:41:50","slug":"zsolozsma","status":"publish","type":"post","link":"https:\/\/szentistvan.dnyem.hu\/?p=4439","title":{"rendered":"Zsolozsma"},"content":{"rendered":"\n<p>H\u00edvom \u00e9s v\u00e1rom azokat, akik az Egyh\u00e1z k\u00f6z\u00f6s liturgikus kincseib\u0151l akarnak mer\u00edteni, \u00e9s a <a href=\"http:\/\/lexikon.katolikus.hu\/Z\/zsolozsma.html\" target=\"_blank\" rel=\"noreferrer noopener\">zsolozsm\u00e1t<\/a> k\u00f6z\u00f6sen im\u00e1dkozni. <strong>Az esti (h\u00e9tf\u0151i \u00e9s szombati) szentmis\u00e9k el\u0151tt f\u00e9l \u00f3r\u00e1val (17:30-t\u00f3l) vecserny\u00e9t im\u00e1dkozunk.<\/strong><\/p>\n","protected":false},"excerpt":{"rendered":"<p>H\u00edvom \u00e9s v\u00e1rom azokat, akik az Egyh\u00e1z k\u00f6z\u00f6s liturgikus kincseib\u0151l akarnak mer\u00edteni, \u00e9s a zsolozsm\u00e1t k\u00f6z\u00f6sen im\u00e1dkozni. Az esti (h\u00e9tf\u0151i \u00e9s szombati) szentmis\u00e9k el\u0151tt f\u00e9l&#8230;<\/p>\n","protected":false},"author":2,"featured_media":0,"comment_status":"closed","ping_status":"open","sticky":false,"template":"","format":"standard","meta":[],"categories":[1,9,2],"tags":[],"_links":{"self":[{"href":"https:\/\/szentistvan.dnyem.hu\/index.php?rest_route=\/wp\/v2\/posts\/4439"}],"collection":[{"href":"https:\/\/szentistvan.dnyem.hu\/index.php?rest_route=\/wp\/v2\/posts"}],"about":[{"href":"https:\/\/szentistvan.dnyem.hu\/index.php?rest_route=\/wp\/v2\/types\/post"}],"author":[{"embeddable":true,"href":"https:\/\/szentistvan.dnyem.hu\/index.php?rest_route=\/wp\/v2\/users\/2"}],"replies":[{"embeddable":true,"href":"https:\/\/szentistvan.dnyem.hu\/index.php?rest_route=%2Fwp%2Fv2%2Fcomments&post=4439"}],"version-history":[{"count":1,"href":"https:\/\/szentistvan.dnyem.hu\/index.php?rest_route=\/wp\/v2\/posts\/4439\/revisions"}],"predecessor-version":[{"id":4440,"href":"https:\/\/szentistvan.dnyem.hu\/index.php?rest_route=\/wp\/v2\/posts\/4439\/revisions\/4440"}],"wp:attachment":[{"href":"https:\/\/szentistvan.dnyem.hu\/index.php?rest_route=%2Fwp%2Fv2%2Fmedia&parent=4439"}],"wp:term":[{"taxonomy":"category","embeddable":true,"href":"https:\/\/szentistvan.dnyem.hu\/index.php?rest_route=%2Fwp%2Fv2%2Fcategories&post=4439"},{"taxonomy":"post_tag","embeddable":true,"href":"https:\/\/szentistvan.dnyem.hu\/index.php?rest_route=%2Fwp%2Fv2%2Ftags&post=4439"}],"curies":[{"name":"wp","href":"https:\/\/api.w.org\/{rel}","templated":true}]}}