{"id":4437,"date":"2022-08-01T11:35:49","date_gmt":"2022-08-01T09:35:49","guid":{"rendered":"http:\/\/szentistvan.dnyem.hu\/?p=4437"},"modified":"2022-08-01T11:35:49","modified_gmt":"2022-08-01T09:35:49","slug":"szentsegimadas-isteni-irgalmassag-rozsafuzere","status":"publish","type":"post","link":"https:\/\/szentistvan.dnyem.hu\/?p=4437","title":{"rendered":"Szents\u00e9gim\u00e1d\u00e1s, Isteni Irgalmass\u00e1g r\u00f3zsaf\u00fcz\u00e9re"},"content":{"rendered":"\n<p><strong>Els\u0151p\u00e9nteken  (augusztus 5-\u00e9n) a reggeli szentmise ut\u00e1n (7:30-t\u00f3l) az Isteni Irgalmass\u00e1g r\u00f3zsaf\u00fcz\u00e9r\u00e9nek kezdet\u00e9ig (15:00-ig) szents\u00e9gim\u00e1d\u00e1st v\u00e9gz\u00fcnk.<\/strong> \u00c9lj\u00fcnk a lehet\u0151s\u00e9ggel, v\u00e1llaljunk egy kis id\u0151t J\u00e9zussal! H\u00edvok mindenkit, aki teheti csatlakozzon az Isteni Irgalmass\u00e1g r\u00f3zsaf\u00fcz\u00e9r\u00e9nek k\u00f6z\u00f6s v\u00e9gz\u00e9s\u00e9hez. <\/p>\n\n\n\n<p>Minden p\u00e9nteken 15:00-t\u00f3l a templomban egy\u00fctt, \u00e9nekelve im\u00e1dkozzuk az Isteni Irgalmass\u00e1g r\u00f3zsaf\u00fcz\u00e9r\u00e9t.<\/p>\n","protected":false},"excerpt":{"rendered":"<p>Els\u0151p\u00e9nteken (augusztus 5-\u00e9n) a reggeli szentmise ut\u00e1n (7:30-t\u00f3l) az Isteni Irgalmass\u00e1g r\u00f3zsaf\u00fcz\u00e9r\u00e9nek kezdet\u00e9ig (15:00-ig) szents\u00e9gim\u00e1d\u00e1st v\u00e9gz\u00fcnk. \u00c9lj\u00fcnk a lehet\u0151s\u00e9ggel, v\u00e1llaljunk egy kis id\u0151t J\u00e9zussal! H\u00edvok&#8230;<\/p>\n","protected":false},"author":2,"featured_media":0,"comment_status":"closed","ping_status":"open","sticky":false,"template":"","format":"standard","meta":[],"categories":[1,9,2],"tags":[],"_links":{"self":[{"href":"https:\/\/szentistvan.dnyem.hu\/index.php?rest_route=\/wp\/v2\/posts\/4437"}],"collection":[{"href":"https:\/\/szentistvan.dnyem.hu\/index.php?rest_route=\/wp\/v2\/posts"}],"about":[{"href":"https:\/\/szentistvan.dnyem.hu\/index.php?rest_route=\/wp\/v2\/types\/post"}],"author":[{"embeddable":true,"href":"https:\/\/szentistvan.dnyem.hu\/index.php?rest_route=\/wp\/v2\/users\/2"}],"replies":[{"embeddable":true,"href":"https:\/\/szentistvan.dnyem.hu\/index.php?rest_route=%2Fwp%2Fv2%2Fcomments&post=4437"}],"version-history":[{"count":1,"href":"https:\/\/szentistvan.dnyem.hu\/index.php?rest_route=\/wp\/v2\/posts\/4437\/revisions"}],"predecessor-version":[{"id":4438,"href":"https:\/\/szentistvan.dnyem.hu\/index.php?rest_route=\/wp\/v2\/posts\/4437\/revisions\/4438"}],"wp:attachment":[{"href":"https:\/\/szentistvan.dnyem.hu\/index.php?rest_route=%2Fwp%2Fv2%2Fmedia&parent=4437"}],"wp:term":[{"taxonomy":"category","embeddable":true,"href":"https:\/\/szentistvan.dnyem.hu\/index.php?rest_route=%2Fwp%2Fv2%2Fcategories&post=4437"},{"taxonomy":"post_tag","embeddable":true,"href":"https:\/\/szentistvan.dnyem.hu\/index.php?rest_route=%2Fwp%2Fv2%2Ftags&post=4437"}],"curies":[{"name":"wp","href":"https:\/\/api.w.org\/{rel}","templated":true}]}}