{"id":4433,"date":"2026-03-01T12:00:00","date_gmt":"2026-03-01T10:00:00","guid":{"rendered":"http:\/\/szentistvan.dnyem.hu\/?p=4433"},"modified":"2026-04-22T23:15:33","modified_gmt":"2026-04-22T21:15:33","slug":"szent-laszlo-imaszovetseg-2","status":"publish","type":"post","link":"https:\/\/szentistvan.dnyem.hu\/?p=4433","title":{"rendered":"Szent L\u00e1szl\u00f3 imasz\u00f6vets\u00e9g"},"content":{"rendered":"\n<p>A <strong>Szent L\u00e1szl\u00f3 imasz\u00f6vets\u00e9g<\/strong> \u00e1prilisi r\u00f3zsaf\u00fcz\u00e9r titka: &#8220;<a rel=\"noreferrer noopener\" href=\"https:\/\/dnyem.hu\/2026\/04\/02\/aki-a-mennybe-felment-a-szent-laszlo-imaszovetseg-elmelkedese-marcius-honapra\/\" target=\"_blank\">J\u00e9zus, aki a mennybe felment<\/a>&#8220;.<\/p>\n\n\n\n<p>Ne f\u00e1radjunk bele im\u00e1dkozni papi \u00e9s szerzetesi hivat\u00e1sok\u00e9rt!<\/p>\n\n\n\n<p><strong><a href=\"https:\/\/www.dnyem.hu\/2024\/01\/04\/az-aratnivalo-sok-de-a-munkas-keves-kerjetek-tehat-az-aratas-urat-hogy-kuldjon-munkasokat-az-aratasaba-lk-102-csatlakozzunk-a-szent-laszlo-imaszovetseghez\/\" target=\"_blank\" rel=\"noreferrer noopener\">Csatlakozzunk a Szent L\u00e1szl\u00f3 imasz\u00f6vets\u00e9ghez!<\/a><\/strong><\/p>\n\n\n\n<p>\u201eAz aratnival\u00f3 sok, de a munk\u00e1s kev\u00e9s, k\u00e9rj\u00e9tek teh\u00e1t az arat\u00e1s Ur\u00e1t, hogy k\u00fcldj\u00f6n munk\u00e1sokat az arat\u00e1s\u00e1ba.\u201d (Lk 10,2)<\/p>\n\n\n\n<p>Pal\u00e1nki Ferenc debrecen-ny\u00edregyh\u00e1zi megy\u00e9sp\u00fcsp\u00f6k az egyh\u00e1zmegye papjai\u00e9rt, valamint \u00fajabb papi \u00e9s szerzetesi hivat\u00e1sok sz\u00fclet\u00e9s\u00e9\u00e9rt alap\u00edtotta a Szent L\u00e1szl\u00f3 Imasz\u00f6vets\u00e9get 2019. advent els\u0151 vas\u00e1rnapj\u00e1n. Az imasz\u00f6vets\u00e9ghez \u00e9vr\u0151l \u00e9vre egyre t\u00f6bben csatlakoznak, a t\u00f6bb mint ezer h\u00edv\u0151 ember minden nap egy tized r\u00f3zsaf\u00fcz\u00e9r elim\u00e1dkoz\u00e1s\u00e1val, els\u0151cs\u00fct\u00f6rt\u00f6k\u00f6nk\u00e9nt pedig szents\u00e9gim\u00e1d\u00e1son foh\u00e1szkodik a papi \u00e9s szerzetesi hivat\u00e1sok\u00e9rt.<\/p>\n\n\n\n<p>Az adott h\u00f3nap r\u00f3zsaf\u00fcz\u00e9r titk\u00e1r\u00f3l minden h\u00f3nap els\u0151 napj\u00e1n olvashatunk elm\u00e9lked\u00e9st az egyh\u00e1zmegye honlapj\u00e1n: <a href=\"http:\/\/www.dnyem.hu\">www.dnyem.hu<\/a> oldalon, a gondolatokat megosztjuk a <a rel=\"noreferrer noopener\" href=\"https:\/\/www.facebook.com\/dnyem\" target=\"_blank\">Facebook <\/a>oldalunkon is.<\/p>\n\n\n\n<p>Az imasz\u00f6vets\u00e9ghez csatlakoz\u00f3k egy-egy r\u00f3zsaf\u00fcz\u00e9rt is kapnak aj\u00e1nd\u00e9kba a f\u0151p\u00e1sztort\u00f3l, amelyet \u00e1tvehet\u00fcnk a pl\u00e9b\u00e1ni\u00e1kon, valamint az egyh\u00e1zmegye p\u00fcsp\u00f6ki hivatal\u00e1ban (Debrecen, Varga u. 4.).<\/p>\n\n\n\n<p>Pal\u00e1nki Ferenc p\u00fcsp\u00f6k aty\u00e1nak is sz\u00edv\u00fcgye az \u00fajabb papi \u00e9s szerzetesi hivat\u00e1sok sz\u00fclet\u00e9se, ez\u00e9rt az egyh\u00e1zk\u00f6zs\u00e9geket els\u0151cs\u00fct\u00f6rt\u00f6k\u00f6nk\u00e9nt szem\u00e9lyesen is megl\u00e1togatja, hogy a h\u00edveket im\u00e1ra buzd\u00edtsa, \u00e9s egy\u00fctt im\u00e1dkozzon vel\u00fck szents\u00e9gim\u00e1d\u00e1son \u00e9s a szentmis\u00e9ben, k\u00e9rve az arat\u00e1s Ur\u00e1t, hogy k\u00fcldj\u00f6n munk\u00e1sokat sz\u0151l\u0151j\u00e9be, az egyh\u00e1zmegy\u00e9nkbe.<\/p>\n\n\n\n<p><strong>V\u00e1rjuk pl\u00e9b\u00e1ni\u00e1nk h\u00edveinek jelentkez\u00e9s\u00e9t is!<\/strong><\/p>\n","protected":false},"excerpt":{"rendered":"<p>A Szent L\u00e1szl\u00f3 imasz\u00f6vets\u00e9g \u00e1prilisi r\u00f3zsaf\u00fcz\u00e9r titka: &#8220;J\u00e9zus, aki a mennybe felment&#8220;. Ne f\u00e1radjunk bele im\u00e1dkozni papi \u00e9s szerzetesi hivat\u00e1sok\u00e9rt! Csatlakozzunk a Szent L\u00e1szl\u00f3 imasz\u00f6vets\u00e9ghez!&#8230;<\/p>\n","protected":false},"author":2,"featured_media":0,"comment_status":"closed","ping_status":"open","sticky":false,"template":"","format":"standard","meta":[],"categories":[1,9,2],"tags":[],"_links":{"self":[{"href":"https:\/\/szentistvan.dnyem.hu\/index.php?rest_route=\/wp\/v2\/posts\/4433"}],"collection":[{"href":"https:\/\/szentistvan.dnyem.hu\/index.php?rest_route=\/wp\/v2\/posts"}],"about":[{"href":"https:\/\/szentistvan.dnyem.hu\/index.php?rest_route=\/wp\/v2\/types\/post"}],"author":[{"embeddable":true,"href":"https:\/\/szentistvan.dnyem.hu\/index.php?rest_route=\/wp\/v2\/users\/2"}],"replies":[{"embeddable":true,"href":"https:\/\/szentistvan.dnyem.hu\/index.php?rest_route=%2Fwp%2Fv2%2Fcomments&post=4433"}],"version-history":[{"count":63,"href":"https:\/\/szentistvan.dnyem.hu\/index.php?rest_route=\/wp\/v2\/posts\/4433\/revisions"}],"predecessor-version":[{"id":6891,"href":"https:\/\/szentistvan.dnyem.hu\/index.php?rest_route=\/wp\/v2\/posts\/4433\/revisions\/6891"}],"wp:attachment":[{"href":"https:\/\/szentistvan.dnyem.hu\/index.php?rest_route=%2Fwp%2Fv2%2Fmedia&parent=4433"}],"wp:term":[{"taxonomy":"category","embeddable":true,"href":"https:\/\/szentistvan.dnyem.hu\/index.php?rest_route=%2Fwp%2Fv2%2Fcategories&post=4433"},{"taxonomy":"post_tag","embeddable":true,"href":"https:\/\/szentistvan.dnyem.hu\/index.php?rest_route=%2Fwp%2Fv2%2Ftags&post=4433"}],"curies":[{"name":"wp","href":"https:\/\/api.w.org\/{rel}","templated":true}]}}