{"id":4340,"date":"2022-04-24T13:31:48","date_gmt":"2022-04-24T11:31:48","guid":{"rendered":"http:\/\/szentistvan.dnyem.hu\/?p=4340"},"modified":"2022-04-24T13:31:48","modified_gmt":"2022-04-24T11:31:48","slug":"majalis","status":"publish","type":"post","link":"https:\/\/szentistvan.dnyem.hu\/?p=4340","title":{"rendered":"Maj\u00e1lis"},"content":{"rendered":"\n<p><strong>Szombaton (\u00e1prilis 30-\u00e1n) a 9:00 \u00f3rakor kezd\u0151d\u0151 szentmise ut\u00e1n veszi kezdet\u00e9t a hagyom\u00e1nyos egyh\u00e1zk\u00f6zs\u00e9gi maj\u00e1lis<\/strong>.<\/p>\n","protected":false},"excerpt":{"rendered":"<p>Szombaton (\u00e1prilis 30-\u00e1n) a 9:00 \u00f3rakor kezd\u0151d\u0151 szentmise ut\u00e1n veszi kezdet\u00e9t a hagyom\u00e1nyos egyh\u00e1zk\u00f6zs\u00e9gi maj\u00e1lis.<\/p>\n","protected":false},"author":2,"featured_media":0,"comment_status":"closed","ping_status":"open","sticky":false,"template":"","format":"standard","meta":[],"categories":[1,2],"tags":[],"_links":{"self":[{"href":"https:\/\/szentistvan.dnyem.hu\/index.php?rest_route=\/wp\/v2\/posts\/4340"}],"collection":[{"href":"https:\/\/szentistvan.dnyem.hu\/index.php?rest_route=\/wp\/v2\/posts"}],"about":[{"href":"https:\/\/szentistvan.dnyem.hu\/index.php?rest_route=\/wp\/v2\/types\/post"}],"author":[{"embeddable":true,"href":"https:\/\/szentistvan.dnyem.hu\/index.php?rest_route=\/wp\/v2\/users\/2"}],"replies":[{"embeddable":true,"href":"https:\/\/szentistvan.dnyem.hu\/index.php?rest_route=%2Fwp%2Fv2%2Fcomments&post=4340"}],"version-history":[{"count":1,"href":"https:\/\/szentistvan.dnyem.hu\/index.php?rest_route=\/wp\/v2\/posts\/4340\/revisions"}],"predecessor-version":[{"id":4341,"href":"https:\/\/szentistvan.dnyem.hu\/index.php?rest_route=\/wp\/v2\/posts\/4340\/revisions\/4341"}],"wp:attachment":[{"href":"https:\/\/szentistvan.dnyem.hu\/index.php?rest_route=%2Fwp%2Fv2%2Fmedia&parent=4340"}],"wp:term":[{"taxonomy":"category","embeddable":true,"href":"https:\/\/szentistvan.dnyem.hu\/index.php?rest_route=%2Fwp%2Fv2%2Fcategories&post=4340"},{"taxonomy":"post_tag","embeddable":true,"href":"https:\/\/szentistvan.dnyem.hu\/index.php?rest_route=%2Fwp%2Fv2%2Ftags&post=4340"}],"curies":[{"name":"wp","href":"https:\/\/api.w.org\/{rel}","templated":true}]}}