{"id":4260,"date":"2022-02-02T10:07:10","date_gmt":"2022-02-02T08:07:10","guid":{"rendered":"http:\/\/szentistvan.dnyem.hu\/?p=4260"},"modified":"2022-02-02T10:07:10","modified_gmt":"2022-02-02T08:07:10","slug":"szent-laszlo-imaszovetseg-talalkozo","status":"publish","type":"post","link":"https:\/\/szentistvan.dnyem.hu\/?p=4260","title":{"rendered":"Szent L\u00e1szl\u00f3 Imasz\u00f6vets\u00e9g tal\u00e1lkoz\u00f3"},"content":{"rendered":"\n<p><strong>A Szent L\u00e1szl\u00f3 Imasz\u00f6vets\u00e9g tagjaival tal\u00e1lkozik Pal\u00e1nki Ferenc p\u00fcsp\u00f6k atya febru\u00e1r 3-\u00e1n (cs\u00fct\u00f6rt\u00f6k\u00f6n) 17:00 \u00f3rakor Debrecenben, a Szent Anna Sz\u00e9kesegyh\u00e1zban.<\/strong><\/p>\n\n\n\n<p>K\u00e9rem az Imasz\u00f6vets\u00e9g tagjait, hogy vegyenek r\u00e9szt ezen a tal\u00e1lkoz\u00f3n.<\/p>\n","protected":false},"excerpt":{"rendered":"<p>A Szent L\u00e1szl\u00f3 Imasz\u00f6vets\u00e9g tagjaival tal\u00e1lkozik Pal\u00e1nki Ferenc p\u00fcsp\u00f6k atya febru\u00e1r 3-\u00e1n (cs\u00fct\u00f6rt\u00f6k\u00f6n) 17:00 \u00f3rakor Debrecenben, a Szent Anna Sz\u00e9kesegyh\u00e1zban. K\u00e9rem az Imasz\u00f6vets\u00e9g tagjait, hogy&#8230;<\/p>\n","protected":false},"author":2,"featured_media":0,"comment_status":"closed","ping_status":"open","sticky":false,"template":"","format":"standard","meta":[],"categories":[1,9,2],"tags":[],"_links":{"self":[{"href":"https:\/\/szentistvan.dnyem.hu\/index.php?rest_route=\/wp\/v2\/posts\/4260"}],"collection":[{"href":"https:\/\/szentistvan.dnyem.hu\/index.php?rest_route=\/wp\/v2\/posts"}],"about":[{"href":"https:\/\/szentistvan.dnyem.hu\/index.php?rest_route=\/wp\/v2\/types\/post"}],"author":[{"embeddable":true,"href":"https:\/\/szentistvan.dnyem.hu\/index.php?rest_route=\/wp\/v2\/users\/2"}],"replies":[{"embeddable":true,"href":"https:\/\/szentistvan.dnyem.hu\/index.php?rest_route=%2Fwp%2Fv2%2Fcomments&post=4260"}],"version-history":[{"count":1,"href":"https:\/\/szentistvan.dnyem.hu\/index.php?rest_route=\/wp\/v2\/posts\/4260\/revisions"}],"predecessor-version":[{"id":4261,"href":"https:\/\/szentistvan.dnyem.hu\/index.php?rest_route=\/wp\/v2\/posts\/4260\/revisions\/4261"}],"wp:attachment":[{"href":"https:\/\/szentistvan.dnyem.hu\/index.php?rest_route=%2Fwp%2Fv2%2Fmedia&parent=4260"}],"wp:term":[{"taxonomy":"category","embeddable":true,"href":"https:\/\/szentistvan.dnyem.hu\/index.php?rest_route=%2Fwp%2Fv2%2Fcategories&post=4260"},{"taxonomy":"post_tag","embeddable":true,"href":"https:\/\/szentistvan.dnyem.hu\/index.php?rest_route=%2Fwp%2Fv2%2Ftags&post=4260"}],"curies":[{"name":"wp","href":"https:\/\/api.w.org\/{rel}","templated":true}]}}