{"id":4247,"date":"2022-01-23T20:16:49","date_gmt":"2022-01-23T18:16:49","guid":{"rendered":"http:\/\/szentistvan.dnyem.hu\/?p=4247"},"modified":"2022-01-23T20:18:42","modified_gmt":"2022-01-23T18:18:42","slug":"imahet-a-krisztus-hivok-egysegeert-2","status":"publish","type":"post","link":"https:\/\/szentistvan.dnyem.hu\/?p=4247","title":{"rendered":"Imah\u00e9t a Krisztus-h\u00edv\u0151k egys\u00e9g\u00e9\u00e9rt"},"content":{"rendered":"\n<p>Az \u00f6kumenikus imah\u00e9t folytat\u00e1sak\u00e9nt <strong>a szabads\u00e1gtelepi reform\u00e1tus templomban<\/strong> janu\u00e1r 24. (h\u00e9tf\u0151) \u00e9s 28. (p\u00e9ntek) k\u00f6z\u00f6tt minden nap 17:00 \u00f3r\u00e1t\u00f3l \u00f6kumenikus im\u00e1t tartanak. Minden nap m\u00e1s gy\u00fclekezetet v\u00e1rnak ezekre az alkalmakra, <strong>janu\u00e1r 27-\u00e9n (cs\u00fct\u00f6rt\u00f6k\u00f6n) 17:00 \u00f3r\u00e1t\u00f3l a mi egyh\u00e1zk\u00f6zs\u00e9g\u00fcnk tagjait v\u00e1rj\u00e1k.<\/strong><\/p>\n\n\n\n<figure class=\"wp-block-image size-large\"><img loading=\"lazy\" width=\"509\" height=\"720\" src=\"http:\/\/szentistvan.dnyem.hu\/wp-content\/uploads\/2022\/01\/imahet_2022-1.jpg\" alt=\"\" class=\"wp-image-4249\" srcset=\"https:\/\/szentistvan.dnyem.hu\/wp-content\/uploads\/2022\/01\/imahet_2022-1.jpg 509w, https:\/\/szentistvan.dnyem.hu\/wp-content\/uploads\/2022\/01\/imahet_2022-1-382x540.jpg 382w\" sizes=\"(max-width: 509px) 100vw, 509px\" \/><\/figure>\n","protected":false},"excerpt":{"rendered":"<p>Az \u00f6kumenikus imah\u00e9t folytat\u00e1sak\u00e9nt a szabads\u00e1gtelepi reform\u00e1tus templomban janu\u00e1r 24. (h\u00e9tf\u0151) \u00e9s 28. (p\u00e9ntek) k\u00f6z\u00f6tt minden nap 17:00 \u00f3r\u00e1t\u00f3l \u00f6kumenikus im\u00e1t tartanak. Minden nap m\u00e1s&#8230;<\/p>\n","protected":false},"author":2,"featured_media":0,"comment_status":"closed","ping_status":"open","sticky":false,"template":"","format":"standard","meta":[],"categories":[1,9,2],"tags":[],"_links":{"self":[{"href":"https:\/\/szentistvan.dnyem.hu\/index.php?rest_route=\/wp\/v2\/posts\/4247"}],"collection":[{"href":"https:\/\/szentistvan.dnyem.hu\/index.php?rest_route=\/wp\/v2\/posts"}],"about":[{"href":"https:\/\/szentistvan.dnyem.hu\/index.php?rest_route=\/wp\/v2\/types\/post"}],"author":[{"embeddable":true,"href":"https:\/\/szentistvan.dnyem.hu\/index.php?rest_route=\/wp\/v2\/users\/2"}],"replies":[{"embeddable":true,"href":"https:\/\/szentistvan.dnyem.hu\/index.php?rest_route=%2Fwp%2Fv2%2Fcomments&post=4247"}],"version-history":[{"count":3,"href":"https:\/\/szentistvan.dnyem.hu\/index.php?rest_route=\/wp\/v2\/posts\/4247\/revisions"}],"predecessor-version":[{"id":4252,"href":"https:\/\/szentistvan.dnyem.hu\/index.php?rest_route=\/wp\/v2\/posts\/4247\/revisions\/4252"}],"wp:attachment":[{"href":"https:\/\/szentistvan.dnyem.hu\/index.php?rest_route=%2Fwp%2Fv2%2Fmedia&parent=4247"}],"wp:term":[{"taxonomy":"category","embeddable":true,"href":"https:\/\/szentistvan.dnyem.hu\/index.php?rest_route=%2Fwp%2Fv2%2Fcategories&post=4247"},{"taxonomy":"post_tag","embeddable":true,"href":"https:\/\/szentistvan.dnyem.hu\/index.php?rest_route=%2Fwp%2Fv2%2Ftags&post=4247"}],"curies":[{"name":"wp","href":"https:\/\/api.w.org\/{rel}","templated":true}]}}