{"id":4239,"date":"2022-01-16T14:43:11","date_gmt":"2022-01-16T12:43:11","guid":{"rendered":"http:\/\/szentistvan.dnyem.hu\/?p=4239"},"modified":"2022-01-16T14:43:11","modified_gmt":"2022-01-16T12:43:11","slug":"okumenikus-imahet-3","status":"publish","type":"post","link":"https:\/\/szentistvan.dnyem.hu\/?p=4239","title":{"rendered":"\u00d6kumenikus imah\u00e9t"},"content":{"rendered":"\n<p>2022. janu\u00e1r 16-\u00e1n kezd\u0151dik az \u00f6kumenikus imah\u00e9t, amelynek debreceni programja <a rel=\"noreferrer noopener\" href=\"https:\/\/refnagyerdo.hu\/index.php?okumenikus_imahet&amp;id=527\" target=\"_blank\">itt olvashat\u00f3,<\/a> programf\u00fczete pedig <a rel=\"noreferrer noopener\" href=\"https:\/\/meot.hu\/dokumentumok\/2021kereszteny\/ImahetiFuzet2022.pdf\" target=\"_blank\">innen t\u00f6lthet\u0151 le.<\/a><\/p>\n","protected":false},"excerpt":{"rendered":"<p>2022. janu\u00e1r 16-\u00e1n kezd\u0151dik az \u00f6kumenikus imah\u00e9t, amelynek debreceni programja itt olvashat\u00f3, programf\u00fczete pedig innen t\u00f6lthet\u0151 le.<\/p>\n","protected":false},"author":2,"featured_media":0,"comment_status":"closed","ping_status":"open","sticky":false,"template":"","format":"standard","meta":[],"categories":[9,2],"tags":[],"_links":{"self":[{"href":"https:\/\/szentistvan.dnyem.hu\/index.php?rest_route=\/wp\/v2\/posts\/4239"}],"collection":[{"href":"https:\/\/szentistvan.dnyem.hu\/index.php?rest_route=\/wp\/v2\/posts"}],"about":[{"href":"https:\/\/szentistvan.dnyem.hu\/index.php?rest_route=\/wp\/v2\/types\/post"}],"author":[{"embeddable":true,"href":"https:\/\/szentistvan.dnyem.hu\/index.php?rest_route=\/wp\/v2\/users\/2"}],"replies":[{"embeddable":true,"href":"https:\/\/szentistvan.dnyem.hu\/index.php?rest_route=%2Fwp%2Fv2%2Fcomments&post=4239"}],"version-history":[{"count":1,"href":"https:\/\/szentistvan.dnyem.hu\/index.php?rest_route=\/wp\/v2\/posts\/4239\/revisions"}],"predecessor-version":[{"id":4240,"href":"https:\/\/szentistvan.dnyem.hu\/index.php?rest_route=\/wp\/v2\/posts\/4239\/revisions\/4240"}],"wp:attachment":[{"href":"https:\/\/szentistvan.dnyem.hu\/index.php?rest_route=%2Fwp%2Fv2%2Fmedia&parent=4239"}],"wp:term":[{"taxonomy":"category","embeddable":true,"href":"https:\/\/szentistvan.dnyem.hu\/index.php?rest_route=%2Fwp%2Fv2%2Fcategories&post=4239"},{"taxonomy":"post_tag","embeddable":true,"href":"https:\/\/szentistvan.dnyem.hu\/index.php?rest_route=%2Fwp%2Fv2%2Ftags&post=4239"}],"curies":[{"name":"wp","href":"https:\/\/api.w.org\/{rel}","templated":true}]}}