{"id":4092,"date":"2021-10-11T23:45:24","date_gmt":"2021-10-11T21:45:24","guid":{"rendered":"http:\/\/szentistvan.dnyem.hu\/?p=4092"},"modified":"2021-10-11T23:45:24","modified_gmt":"2021-10-11T21:45:24","slug":"templomszenteles-evforduloja-2","status":"publish","type":"post","link":"https:\/\/szentistvan.dnyem.hu\/?p=4092","title":{"rendered":"Templomszentel\u00e9s \u00e9vfordul\u00f3ja"},"content":{"rendered":"\n<p><strong>2021. okt\u00f3ber 16-\u00e1n \u00fcnnepli templomunk a felszentel\u00e9s\u00e9nek 83. \u00e9vfordul\u00f3j\u00e1t!<\/strong><\/p>\n\n\n\n<p>Ez\u00e9rt okt\u00f3ber 17-\u00e9n, vas\u00e1rnap, a szentmis\u00e9ben k\u00f6z\u00f6sen adunk h\u00e1l\u00e1t az Istennek, hogy van hova bet\u00e9rn\u00fcnk, van egy hely, a templomunk, ahol igaz\u00e1n, k\u00f6z\u00f6ss\u00e9gben tal\u00e1lkozhatunk Istennel.<\/p>\n","protected":false},"excerpt":{"rendered":"<p>2021. okt\u00f3ber 16-\u00e1n \u00fcnnepli templomunk a felszentel\u00e9s\u00e9nek 83. \u00e9vfordul\u00f3j\u00e1t! Ez\u00e9rt okt\u00f3ber 17-\u00e9n, vas\u00e1rnap, a szentmis\u00e9ben k\u00f6z\u00f6sen adunk h\u00e1l\u00e1t az Istennek, hogy van hova bet\u00e9rn\u00fcnk, van&#8230;<\/p>\n","protected":false},"author":2,"featured_media":0,"comment_status":"closed","ping_status":"open","sticky":false,"template":"","format":"standard","meta":[],"categories":[1,9,2],"tags":[],"_links":{"self":[{"href":"https:\/\/szentistvan.dnyem.hu\/index.php?rest_route=\/wp\/v2\/posts\/4092"}],"collection":[{"href":"https:\/\/szentistvan.dnyem.hu\/index.php?rest_route=\/wp\/v2\/posts"}],"about":[{"href":"https:\/\/szentistvan.dnyem.hu\/index.php?rest_route=\/wp\/v2\/types\/post"}],"author":[{"embeddable":true,"href":"https:\/\/szentistvan.dnyem.hu\/index.php?rest_route=\/wp\/v2\/users\/2"}],"replies":[{"embeddable":true,"href":"https:\/\/szentistvan.dnyem.hu\/index.php?rest_route=%2Fwp%2Fv2%2Fcomments&post=4092"}],"version-history":[{"count":1,"href":"https:\/\/szentistvan.dnyem.hu\/index.php?rest_route=\/wp\/v2\/posts\/4092\/revisions"}],"predecessor-version":[{"id":4093,"href":"https:\/\/szentistvan.dnyem.hu\/index.php?rest_route=\/wp\/v2\/posts\/4092\/revisions\/4093"}],"wp:attachment":[{"href":"https:\/\/szentistvan.dnyem.hu\/index.php?rest_route=%2Fwp%2Fv2%2Fmedia&parent=4092"}],"wp:term":[{"taxonomy":"category","embeddable":true,"href":"https:\/\/szentistvan.dnyem.hu\/index.php?rest_route=%2Fwp%2Fv2%2Fcategories&post=4092"},{"taxonomy":"post_tag","embeddable":true,"href":"https:\/\/szentistvan.dnyem.hu\/index.php?rest_route=%2Fwp%2Fv2%2Ftags&post=4092"}],"curies":[{"name":"wp","href":"https:\/\/api.w.org\/{rel}","templated":true}]}}