{"id":4015,"date":"2021-08-22T18:19:50","date_gmt":"2021-08-22T16:19:50","guid":{"rendered":"http:\/\/szentistvan.dnyem.hu\/?p=4015"},"modified":"2021-08-24T19:19:03","modified_gmt":"2021-08-24T17:19:03","slug":"hagyomanyorzo-ormeny-csaladi-nap-2","status":"publish","type":"post","link":"https:\/\/szentistvan.dnyem.hu\/?p=4015","title":{"rendered":"Hagyom\u00e1ny\u0151rz\u0151 \u00d6rm\u00e9ny csal\u00e1di nap"},"content":{"rendered":"\n<p class=\"has-text-align-center\">Debrecen Megyei Jog\u00fa V\u00e1ros<br>\u00d6rm\u00e9ny Nemzetis\u00e9gi \u00d6nkorm\u00e1nyzata<br>szeretettel megh\u00edvja \u00d6nt \u00e9s kedves csal\u00e1dj\u00e1t<\/p>\n\n\n\n<p class=\"has-text-align-center\"><strong>Hagyom\u00e1ny\u0151rz\u0151<br>\u00d6rm\u00e9ny csal\u00e1di nap<br>rendezv\u00e9ny\u00e9re<\/strong><\/p>\n\n\n\n<p class=\"has-text-align-center\"><strong>2021. augusztus 28-\u00e1n (szombaton)<\/strong><br>10.00 \u00f3rai kezdettel<\/p>\n\n\n\n<p class=\"has-text-align-center\">A r\u00e9szv\u00e9tel d\u00edjtalan<\/p>\n\n\n\n<p class=\"has-text-align-center\"><strong>Helysz\u00edn \u00e9s tal\u00e1lkoz\u00f3:<br>Ol\u00e1h G\u00e1bor utcai Sportcentrum ter\u00fclet\u00e9n a Polg\u00e1rmesteri Hivatal pihen\u0151h\u00e1za<\/strong><br>(A Nagyerd\u0151n, a Vikt\u00f3ria \u00e9tterem mellett)<\/p>\n\n\n\n<p><span style=\"text-decoration: underline;\"><strong>Programok:<\/strong><\/span><\/p>\n\n\n\n<p><strong>10.00<span style=\"text-decoration: underline;\"><\/span>   Tal\u00e1lkoz\u00f3<\/strong><br>(a t\u00e1vols\u00e1gtart\u00e1s szab\u00e1lyainak betart\u00e1s\u00e1val)<br><strong>k\u00f6tetlen besz\u00e9lget\u00e9s, szabadt\u00e9ri j\u00e1t\u00e9kok<\/strong><\/p>\n\n\n\n<p><strong>12.00   Eb\u00e9d<\/strong> &#8211; Ismerked\u00e9s az \u00f6rm\u00e9ny \u00e9telekkel, \u00edzekkel<\/p>\n\n\n\n<p><strong>14.00   Meseh\u0151s\u00f6k der\u0171b\u0151l \u00e9s napsug\u00e1rb\u00f3l<br>el\u0151adja: D\u00f3ka Andrea sz\u00ednm\u0171v\u00e9sz<\/strong><br>A m\u0171v\u00e9sz rendhagy\u00f3 meseutaz\u00e1sa 9-t\u0151l 99 \u00e9ves korig, Csuk\u00e1s Istv\u00e1n vil\u00e1g\u00e1ba<\/p>\n\n\n\n<p><strong>16.00   A rendezv\u00e9ny v\u00e9ge<\/strong><\/p>\n\n\n\n<p><strong><em>A regisztr\u00e1ci\u00f3 k\u00f6telez\u0151 augusztus 23. (h\u00e9tf\u0151) estig<\/em><\/strong> a 06 &#8211; 20 &#8211; 957 &#8211; 6350-es telefonsz\u00e1mon.<\/p>\n\n\n\n<p class=\"has-text-align-center\"><strong>K\u00e9rj\u00fck, hozzon mag\u00e1val<\/strong> csal\u00e1dja r\u00e9sz\u00e9re (maszkot), pl\u00e9det, ev\u0151eszk\u00f6z\u00f6ket, t\u00e1ny\u00e9rt, poharat, szabadt\u00e9ri j\u00e1t\u00e9kokat stb.<br>A rendezv\u00e9ny az \u00e9rv\u00e9nyes rendelkez\u00e9sek miatt szabadt\u00e9ren lesz megtartva.<\/p>\n","protected":false},"excerpt":{"rendered":"<p>Debrecen Megyei Jog\u00fa V\u00e1ros\u00d6rm\u00e9ny Nemzetis\u00e9gi \u00d6nkorm\u00e1nyzataszeretettel megh\u00edvja \u00d6nt \u00e9s kedves csal\u00e1dj\u00e1t Hagyom\u00e1ny\u0151rz\u0151\u00d6rm\u00e9ny csal\u00e1di naprendezv\u00e9ny\u00e9re 2021. augusztus 28-\u00e1n (szombaton)10.00 \u00f3rai kezdettel A r\u00e9szv\u00e9tel d\u00edjtalan Helysz\u00edn \u00e9s&#8230;<\/p>\n","protected":false},"author":2,"featured_media":0,"comment_status":"closed","ping_status":"open","sticky":false,"template":"","format":"standard","meta":[],"categories":[1,2],"tags":[],"_links":{"self":[{"href":"https:\/\/szentistvan.dnyem.hu\/index.php?rest_route=\/wp\/v2\/posts\/4015"}],"collection":[{"href":"https:\/\/szentistvan.dnyem.hu\/index.php?rest_route=\/wp\/v2\/posts"}],"about":[{"href":"https:\/\/szentistvan.dnyem.hu\/index.php?rest_route=\/wp\/v2\/types\/post"}],"author":[{"embeddable":true,"href":"https:\/\/szentistvan.dnyem.hu\/index.php?rest_route=\/wp\/v2\/users\/2"}],"replies":[{"embeddable":true,"href":"https:\/\/szentistvan.dnyem.hu\/index.php?rest_route=%2Fwp%2Fv2%2Fcomments&post=4015"}],"version-history":[{"count":3,"href":"https:\/\/szentistvan.dnyem.hu\/index.php?rest_route=\/wp\/v2\/posts\/4015\/revisions"}],"predecessor-version":[{"id":4023,"href":"https:\/\/szentistvan.dnyem.hu\/index.php?rest_route=\/wp\/v2\/posts\/4015\/revisions\/4023"}],"wp:attachment":[{"href":"https:\/\/szentistvan.dnyem.hu\/index.php?rest_route=%2Fwp%2Fv2%2Fmedia&parent=4015"}],"wp:term":[{"taxonomy":"category","embeddable":true,"href":"https:\/\/szentistvan.dnyem.hu\/index.php?rest_route=%2Fwp%2Fv2%2Fcategories&post=4015"},{"taxonomy":"post_tag","embeddable":true,"href":"https:\/\/szentistvan.dnyem.hu\/index.php?rest_route=%2Fwp%2Fv2%2Ftags&post=4015"}],"curies":[{"name":"wp","href":"https:\/\/api.w.org\/{rel}","templated":true}]}}