{"id":3974,"date":"2021-07-25T23:13:53","date_gmt":"2021-07-25T21:13:53","guid":{"rendered":"http:\/\/szentistvan.dnyem.hu\/?p=3974"},"modified":"2021-07-25T23:13:53","modified_gmt":"2021-07-25T21:13:53","slug":"reggeli-ima","status":"publish","type":"post","link":"https:\/\/szentistvan.dnyem.hu\/?p=3974","title":{"rendered":"Reggeli ima"},"content":{"rendered":"\n<p>Uram, semmi sem v\u00e1laszthat el T\u0151led a mai nap folyam\u00e1n. Tan\u00edtsd meg, hogy csak a Te utadat v\u00e1lasszam, \u00edgy minden l\u00e9p\u00e9s egyre k\u00f6zelebb vezet majd Hozz\u00e1d. Seg\u00edts, hogy ma ig\u00e9d szerint j\u00e1rjak \u00e9s ne az \u00e9rz\u00e9seim szerint. V\u00e9dj meg saj\u00e1t gondatlan gondolataimt\u00f3l, szavaimt\u00f3l \u00e9s \u00f6szt\u00f6n\u00f6s cselekedeteimt\u0151l. Akad\u00e1lyozd meg, hogy az \u00e9n utam, az \u00e9n k\u00edv\u00e1ns\u00e1gom, az \u00e9n gondolatom teljes\u00fclj\u00f6n. Seg\u00edts, hogy ami az utamba ker\u00fcl, lehet\u0151s\u00e9gk\u00e9nt fogjam fel, \u00e9s ne neh\u00e9zs\u00e9gk\u00e9nt, h\u00e1tr\u00e1ltat\u00f3 t\u00e9nyez\u0151k\u00e9nt. \u00c9s v\u00e9g\u00fcl, seg\u00edts, hogy meg\u00e9rtsem, \u201enagy az irgalmad ir\u00e1ntam\u201d (Zsolt 86,13). Te m\u00e1r l\u00e1tod az el\u0151ttem \u00e1ll\u00f3 utakat, melyeken elbukok \u00e9s gyeng\u00e9nek bizonyulok. De most tudatosan sz\u00edvem legm\u00e9lyebb zug\u00e1ba rejtem kinyilatkoztat\u00e1sodat ir\u00e1ntam val\u00f3 abszol\u00fat szeretetedr\u0151l. Elfogadom, hogy a Te szereteted nem az \u00e9n teljes\u00edtm\u00e9nyemen alapszik. Te hib\u00e1immal egy\u00fctt szeretsz engem.<br>Uram, seg\u00edts, hogy \u00f6r\u00f6kk\u00e9 eml\u00e9kezzek, mekkora aj\u00e1nd\u00e9k, hogy Veled lehetek<\/p>\n","protected":false},"excerpt":{"rendered":"<p>Uram, semmi sem v\u00e1laszthat el T\u0151led a mai nap folyam\u00e1n. Tan\u00edtsd meg, hogy csak a Te utadat v\u00e1lasszam, \u00edgy minden l\u00e9p\u00e9s egyre k\u00f6zelebb vezet majd&#8230;<\/p>\n","protected":false},"author":2,"featured_media":0,"comment_status":"closed","ping_status":"open","sticky":false,"template":"","format":"standard","meta":[],"categories":[9],"tags":[],"_links":{"self":[{"href":"https:\/\/szentistvan.dnyem.hu\/index.php?rest_route=\/wp\/v2\/posts\/3974"}],"collection":[{"href":"https:\/\/szentistvan.dnyem.hu\/index.php?rest_route=\/wp\/v2\/posts"}],"about":[{"href":"https:\/\/szentistvan.dnyem.hu\/index.php?rest_route=\/wp\/v2\/types\/post"}],"author":[{"embeddable":true,"href":"https:\/\/szentistvan.dnyem.hu\/index.php?rest_route=\/wp\/v2\/users\/2"}],"replies":[{"embeddable":true,"href":"https:\/\/szentistvan.dnyem.hu\/index.php?rest_route=%2Fwp%2Fv2%2Fcomments&post=3974"}],"version-history":[{"count":2,"href":"https:\/\/szentistvan.dnyem.hu\/index.php?rest_route=\/wp\/v2\/posts\/3974\/revisions"}],"predecessor-version":[{"id":3982,"href":"https:\/\/szentistvan.dnyem.hu\/index.php?rest_route=\/wp\/v2\/posts\/3974\/revisions\/3982"}],"wp:attachment":[{"href":"https:\/\/szentistvan.dnyem.hu\/index.php?rest_route=%2Fwp%2Fv2%2Fmedia&parent=3974"}],"wp:term":[{"taxonomy":"category","embeddable":true,"href":"https:\/\/szentistvan.dnyem.hu\/index.php?rest_route=%2Fwp%2Fv2%2Fcategories&post=3974"},{"taxonomy":"post_tag","embeddable":true,"href":"https:\/\/szentistvan.dnyem.hu\/index.php?rest_route=%2Fwp%2Fv2%2Ftags&post=3974"}],"curies":[{"name":"wp","href":"https:\/\/api.w.org\/{rel}","templated":true}]}}