{"id":3916,"date":"2021-06-15T19:07:39","date_gmt":"2021-06-15T17:07:39","guid":{"rendered":"http:\/\/szentistvan.dnyem.hu\/?p=3916"},"modified":"2021-06-28T15:38:38","modified_gmt":"2021-06-28T13:38:38","slug":"orszagos-zarandoklat","status":"publish","type":"post","link":"https:\/\/szentistvan.dnyem.hu\/?p=3916","title":{"rendered":"Orsz\u00e1gos zar\u00e1ndoklat"},"content":{"rendered":"\n<p><strong>Egyh\u00e1zk\u00f6zs\u00e9g\u00fcnk is bekapcsol\u00f3dott a Medjugorje-i Sz\u0171zanya jelen\u00e9s\u00e9nek 40 \u00e9ves \u00e9vfordul\u00f3ja kapcs\u00e1n szervezett orsz\u00e1gos zar\u00e1ndoklatba<\/strong>, ahol a Debreceni Szent Istv\u00e1n Templom is egy zar\u00e1ndok\u00e1llom\u00e1s volt <\/p>\n\n\n\n<p><strong>Az id\u0151pont: 2021. j\u00fanius 23, szerda volt. <\/strong><\/p>\n\n\n\n<p><strong>D\u00e9lut\u00e1n 17:00-t\u00f3l r\u00f3zsaf\u00fcz\u00e9rt v\u00e9gezt\u00fcnk, valamint tan\u00fas\u00e1gt\u00e9teleket hallgathattunk, majd ezt k\u00f6vet\u0151en szentmis\u00e9vel, \u00e9s k\u00f6z\u00f6s szents\u00e9gim\u00e1d\u00e1ssal z\u00e1rult az este! <\/strong><\/p>\n\n\n\n<p><strong>A zar\u00e1ndoklat lelki vezet\u0151je, f\u0151tisztelend\u0151 Kemenes G\u00e1bor atya<\/strong> volt. <\/p>\n\n\n\n<p>Nagyon k\u00f6sz\u00f6n\u00f6m azoknak, akik r\u00e9szt vettek az imaesten. B\u00edzom benne, hogy mindenki lelki \u00e9p\u00fcl\u00e9s\u00e9re szolg\u00e1lt.<\/p>\n\n\n\n<figure class=\"wp-block-image size-large\"><img loading=\"lazy\" width=\"724\" height=\"1024\" src=\"http:\/\/szentistvan.dnyem.hu\/wp-content\/uploads\/2021\/06\/Medjugorje_kozos_ima-724x1024.jpg\" alt=\"\" class=\"wp-image-3917\" srcset=\"https:\/\/szentistvan.dnyem.hu\/wp-content\/uploads\/2021\/06\/Medjugorje_kozos_ima-724x1024.jpg 724w, https:\/\/szentistvan.dnyem.hu\/wp-content\/uploads\/2021\/06\/Medjugorje_kozos_ima-382x540.jpg 382w, https:\/\/szentistvan.dnyem.hu\/wp-content\/uploads\/2021\/06\/Medjugorje_kozos_ima-768x1086.jpg 768w, https:\/\/szentistvan.dnyem.hu\/wp-content\/uploads\/2021\/06\/Medjugorje_kozos_ima-1086x1536.jpg 1086w, https:\/\/szentistvan.dnyem.hu\/wp-content\/uploads\/2021\/06\/Medjugorje_kozos_ima-1448x2048.jpg 1448w, https:\/\/szentistvan.dnyem.hu\/wp-content\/uploads\/2021\/06\/Medjugorje_kozos_ima-1218x1723.jpg 1218w, https:\/\/szentistvan.dnyem.hu\/wp-content\/uploads\/2021\/06\/Medjugorje_kozos_ima.jpg 1587w\" sizes=\"(max-width: 724px) 100vw, 724px\" \/><\/figure>\n","protected":false},"excerpt":{"rendered":"<p>Egyh\u00e1zk\u00f6zs\u00e9g\u00fcnk is bekapcsol\u00f3dott a Medjugorje-i Sz\u0171zanya jelen\u00e9s\u00e9nek 40 \u00e9ves \u00e9vfordul\u00f3ja kapcs\u00e1n szervezett orsz\u00e1gos zar\u00e1ndoklatba, ahol a Debreceni Szent Istv\u00e1n Templom is egy zar\u00e1ndok\u00e1llom\u00e1s volt Az&#8230;<\/p>\n","protected":false},"author":2,"featured_media":0,"comment_status":"closed","ping_status":"open","sticky":false,"template":"","format":"standard","meta":[],"categories":[1,9,2],"tags":[],"_links":{"self":[{"href":"https:\/\/szentistvan.dnyem.hu\/index.php?rest_route=\/wp\/v2\/posts\/3916"}],"collection":[{"href":"https:\/\/szentistvan.dnyem.hu\/index.php?rest_route=\/wp\/v2\/posts"}],"about":[{"href":"https:\/\/szentistvan.dnyem.hu\/index.php?rest_route=\/wp\/v2\/types\/post"}],"author":[{"embeddable":true,"href":"https:\/\/szentistvan.dnyem.hu\/index.php?rest_route=\/wp\/v2\/users\/2"}],"replies":[{"embeddable":true,"href":"https:\/\/szentistvan.dnyem.hu\/index.php?rest_route=%2Fwp%2Fv2%2Fcomments&post=3916"}],"version-history":[{"count":3,"href":"https:\/\/szentistvan.dnyem.hu\/index.php?rest_route=\/wp\/v2\/posts\/3916\/revisions"}],"predecessor-version":[{"id":3935,"href":"https:\/\/szentistvan.dnyem.hu\/index.php?rest_route=\/wp\/v2\/posts\/3916\/revisions\/3935"}],"wp:attachment":[{"href":"https:\/\/szentistvan.dnyem.hu\/index.php?rest_route=%2Fwp%2Fv2%2Fmedia&parent=3916"}],"wp:term":[{"taxonomy":"category","embeddable":true,"href":"https:\/\/szentistvan.dnyem.hu\/index.php?rest_route=%2Fwp%2Fv2%2Fcategories&post=3916"},{"taxonomy":"post_tag","embeddable":true,"href":"https:\/\/szentistvan.dnyem.hu\/index.php?rest_route=%2Fwp%2Fv2%2Ftags&post=3916"}],"curies":[{"name":"wp","href":"https:\/\/api.w.org\/{rel}","templated":true}]}}