{"id":3913,"date":"2021-06-15T19:02:54","date_gmt":"2021-06-15T17:02:54","guid":{"rendered":"http:\/\/szentistvan.dnyem.hu\/?p=3913"},"modified":"2021-06-28T15:35:43","modified_gmt":"2021-06-28T13:35:43","slug":"koszonet-16","status":"publish","type":"post","link":"https:\/\/szentistvan.dnyem.hu\/?p=3913","title":{"rendered":"K\u00f6sz\u00f6net"},"content":{"rendered":"\n<p><strong>H\u00e1l\u00e1san k\u00f6sz\u00f6n\u00f6m egy \u00fajabb csal\u00e1dnak, akiknek j\u00f3volt\u00e1b\u00f3l ism\u00e9t \u00faj sz\u0151nyeggel b\u0151v\u00fclt a templom! Isten k\u00eds\u00e9rje \u00e9s \u00e1ldja meg \u0151ket b\u0151s\u00e9gesen!<\/strong><\/p>\n","protected":false},"excerpt":{"rendered":"<p>H\u00e1l\u00e1san k\u00f6sz\u00f6n\u00f6m egy \u00fajabb csal\u00e1dnak, akiknek j\u00f3volt\u00e1b\u00f3l ism\u00e9t \u00faj sz\u0151nyeggel b\u0151v\u00fclt a templom! Isten k\u00eds\u00e9rje \u00e9s \u00e1ldja meg \u0151ket b\u0151s\u00e9gesen!<\/p>\n","protected":false},"author":2,"featured_media":0,"comment_status":"closed","ping_status":"open","sticky":false,"template":"","format":"standard","meta":[],"categories":[1],"tags":[],"_links":{"self":[{"href":"https:\/\/szentistvan.dnyem.hu\/index.php?rest_route=\/wp\/v2\/posts\/3913"}],"collection":[{"href":"https:\/\/szentistvan.dnyem.hu\/index.php?rest_route=\/wp\/v2\/posts"}],"about":[{"href":"https:\/\/szentistvan.dnyem.hu\/index.php?rest_route=\/wp\/v2\/types\/post"}],"author":[{"embeddable":true,"href":"https:\/\/szentistvan.dnyem.hu\/index.php?rest_route=\/wp\/v2\/users\/2"}],"replies":[{"embeddable":true,"href":"https:\/\/szentistvan.dnyem.hu\/index.php?rest_route=%2Fwp%2Fv2%2Fcomments&post=3913"}],"version-history":[{"count":3,"href":"https:\/\/szentistvan.dnyem.hu\/index.php?rest_route=\/wp\/v2\/posts\/3913\/revisions"}],"predecessor-version":[{"id":3933,"href":"https:\/\/szentistvan.dnyem.hu\/index.php?rest_route=\/wp\/v2\/posts\/3913\/revisions\/3933"}],"wp:attachment":[{"href":"https:\/\/szentistvan.dnyem.hu\/index.php?rest_route=%2Fwp%2Fv2%2Fmedia&parent=3913"}],"wp:term":[{"taxonomy":"category","embeddable":true,"href":"https:\/\/szentistvan.dnyem.hu\/index.php?rest_route=%2Fwp%2Fv2%2Fcategories&post=3913"},{"taxonomy":"post_tag","embeddable":true,"href":"https:\/\/szentistvan.dnyem.hu\/index.php?rest_route=%2Fwp%2Fv2%2Ftags&post=3913"}],"curies":[{"name":"wp","href":"https:\/\/api.w.org\/{rel}","templated":true}]}}