{"id":3906,"date":"2021-06-08T22:21:08","date_gmt":"2021-06-08T20:21:08","guid":{"rendered":"http:\/\/szentistvan.dnyem.hu\/?p=3906"},"modified":"2021-06-08T22:21:08","modified_gmt":"2021-06-08T20:21:08","slug":"zenes-elmelkedes-4","status":"publish","type":"post","link":"https:\/\/szentistvan.dnyem.hu\/?p=3906","title":{"rendered":"Zen\u00e9s elm\u00e9lked\u00e9s"},"content":{"rendered":"\n<p>J<strong>\u00falius 13-\u00e1n \u00e9s 20-\u00e1n a f\u00e9l 10 \u00f3r\u00e1s szentmis\u00e9ben zen\u00e9s elm\u00e9lked\u00e9s lesz az Atyaisten teremt\u0151 csod\u00e1j\u00e1r\u00f3l <a href=\"https:\/\/www.youtube.com\/watch?v=oNIy6Z-rkbg\" target=\"_blank\" rel=\"noreferrer noopener\">Haydn Teremt\u00e9s orat\u00f3riuma<\/a> alapj\u00e1n.<\/strong> A m\u0171b\u0151l apr\u00f3 r\u00e9szleteket hallgatunk magyar\u00e1zattal, a sz\u00f6veg kivet\u00edt\u00e9s\u00e9vel \u00e9s az elm\u00e9lked\u00e9st seg\u00edt\u0151 k\u00e9pekkel.<\/p>\n","protected":false},"excerpt":{"rendered":"<p>J\u00falius 13-\u00e1n \u00e9s 20-\u00e1n a f\u00e9l 10 \u00f3r\u00e1s szentmis\u00e9ben zen\u00e9s elm\u00e9lked\u00e9s lesz az Atyaisten teremt\u0151 csod\u00e1j\u00e1r\u00f3l Haydn Teremt\u00e9s orat\u00f3riuma alapj\u00e1n. A m\u0171b\u0151l apr\u00f3 r\u00e9szleteket hallgatunk&#8230;<\/p>\n","protected":false},"author":2,"featured_media":0,"comment_status":"closed","ping_status":"open","sticky":false,"template":"","format":"standard","meta":[],"categories":[1,9,2],"tags":[],"_links":{"self":[{"href":"https:\/\/szentistvan.dnyem.hu\/index.php?rest_route=\/wp\/v2\/posts\/3906"}],"collection":[{"href":"https:\/\/szentistvan.dnyem.hu\/index.php?rest_route=\/wp\/v2\/posts"}],"about":[{"href":"https:\/\/szentistvan.dnyem.hu\/index.php?rest_route=\/wp\/v2\/types\/post"}],"author":[{"embeddable":true,"href":"https:\/\/szentistvan.dnyem.hu\/index.php?rest_route=\/wp\/v2\/users\/2"}],"replies":[{"embeddable":true,"href":"https:\/\/szentistvan.dnyem.hu\/index.php?rest_route=%2Fwp%2Fv2%2Fcomments&post=3906"}],"version-history":[{"count":1,"href":"https:\/\/szentistvan.dnyem.hu\/index.php?rest_route=\/wp\/v2\/posts\/3906\/revisions"}],"predecessor-version":[{"id":3907,"href":"https:\/\/szentistvan.dnyem.hu\/index.php?rest_route=\/wp\/v2\/posts\/3906\/revisions\/3907"}],"wp:attachment":[{"href":"https:\/\/szentistvan.dnyem.hu\/index.php?rest_route=%2Fwp%2Fv2%2Fmedia&parent=3906"}],"wp:term":[{"taxonomy":"category","embeddable":true,"href":"https:\/\/szentistvan.dnyem.hu\/index.php?rest_route=%2Fwp%2Fv2%2Fcategories&post=3906"},{"taxonomy":"post_tag","embeddable":true,"href":"https:\/\/szentistvan.dnyem.hu\/index.php?rest_route=%2Fwp%2Fv2%2Ftags&post=3906"}],"curies":[{"name":"wp","href":"https:\/\/api.w.org\/{rel}","templated":true}]}}