{"id":3902,"date":"2021-06-08T22:07:14","date_gmt":"2021-06-08T20:07:14","guid":{"rendered":"http:\/\/szentistvan.dnyem.hu\/?p=3902"},"modified":"2021-06-08T22:07:14","modified_gmt":"2021-06-08T20:07:14","slug":"jezus-szive-templombucsu","status":"publish","type":"post","link":"https:\/\/szentistvan.dnyem.hu\/?p=3902","title":{"rendered":"J\u00e9zus Sz\u00edve templomb\u00facs\u00fa"},"content":{"rendered":"\n<p><strong>J\u00fanius 13-\u00e1n, vas\u00e1rnap d\u00e9lel\u0151tt 09:00-t\u00f3l tartj\u00e1k a J\u00e9zus Sz\u00edve Templom templomb\u00facs\u00faj\u00e1t, mely egyben h\u00e1lad\u00e1s is, mert 85 \u00e9vvel ezel\u0151tt szentelt\u00e9k fel a templomot!<\/strong> <\/p>\n\n\n\n<p>Szegedi K\u00e1lm\u00e1n atya, \u00e9s a h\u00edvek k\u00f6z\u00f6ss\u00e9ge szeretettel h\u00edv \u00e9s v\u00e1r Benn\u00fcnket, hogy k\u00f6z\u00f6sen \u00fcnnepelj\u00fcnk, \u00e9s adjunk h\u00e1l\u00e1t!<\/p>\n","protected":false},"excerpt":{"rendered":"<p>J\u00fanius 13-\u00e1n, vas\u00e1rnap d\u00e9lel\u0151tt 09:00-t\u00f3l tartj\u00e1k a J\u00e9zus Sz\u00edve Templom templomb\u00facs\u00faj\u00e1t, mely egyben h\u00e1lad\u00e1s is, mert 85 \u00e9vvel ezel\u0151tt szentelt\u00e9k fel a templomot! Szegedi K\u00e1lm\u00e1n&#8230;<\/p>\n","protected":false},"author":2,"featured_media":0,"comment_status":"closed","ping_status":"open","sticky":false,"template":"","format":"standard","meta":[],"categories":[1,9,2],"tags":[],"_links":{"self":[{"href":"https:\/\/szentistvan.dnyem.hu\/index.php?rest_route=\/wp\/v2\/posts\/3902"}],"collection":[{"href":"https:\/\/szentistvan.dnyem.hu\/index.php?rest_route=\/wp\/v2\/posts"}],"about":[{"href":"https:\/\/szentistvan.dnyem.hu\/index.php?rest_route=\/wp\/v2\/types\/post"}],"author":[{"embeddable":true,"href":"https:\/\/szentistvan.dnyem.hu\/index.php?rest_route=\/wp\/v2\/users\/2"}],"replies":[{"embeddable":true,"href":"https:\/\/szentistvan.dnyem.hu\/index.php?rest_route=%2Fwp%2Fv2%2Fcomments&post=3902"}],"version-history":[{"count":1,"href":"https:\/\/szentistvan.dnyem.hu\/index.php?rest_route=\/wp\/v2\/posts\/3902\/revisions"}],"predecessor-version":[{"id":3903,"href":"https:\/\/szentistvan.dnyem.hu\/index.php?rest_route=\/wp\/v2\/posts\/3902\/revisions\/3903"}],"wp:attachment":[{"href":"https:\/\/szentistvan.dnyem.hu\/index.php?rest_route=%2Fwp%2Fv2%2Fmedia&parent=3902"}],"wp:term":[{"taxonomy":"category","embeddable":true,"href":"https:\/\/szentistvan.dnyem.hu\/index.php?rest_route=%2Fwp%2Fv2%2Fcategories&post=3902"},{"taxonomy":"post_tag","embeddable":true,"href":"https:\/\/szentistvan.dnyem.hu\/index.php?rest_route=%2Fwp%2Fv2%2Ftags&post=3902"}],"curies":[{"name":"wp","href":"https:\/\/api.w.org\/{rel}","templated":true}]}}