{"id":3900,"date":"2021-06-08T22:04:50","date_gmt":"2021-06-08T20:04:50","guid":{"rendered":"http:\/\/szentistvan.dnyem.hu\/?p=3900"},"modified":"2021-06-08T22:04:50","modified_gmt":"2021-06-08T20:04:50","slug":"koszonet-15","status":"publish","type":"post","link":"https:\/\/szentistvan.dnyem.hu\/?p=3900","title":{"rendered":"K\u00f6sz\u00f6net"},"content":{"rendered":"\n<p>H\u00e1l\u00e1san k\u00f6sz\u00f6n\u00f6m mindenkinek a Csal\u00e1di Napon val\u00f3 tev\u00e9keny r\u00e9szv\u00e9telt \u00e9s szervez\u00e9st!<\/p>\n\n\n\n<p><a href=\"https:\/\/archiv.katolikus.hu\/ujember\/Archivum\/010107\/0901.html\" target=\"_blank\" rel=\"noreferrer noopener\">J\u00f3zsef atya<\/a> \u00fczenet\u00e9t is szeretn\u00e9m tolm\u00e1csolni: \u201eNagyon sz\u00e9p volt, j\u00f6v\u00f6k m\u00e1skor is\u201d<\/p>\n","protected":false},"excerpt":{"rendered":"<p>H\u00e1l\u00e1san k\u00f6sz\u00f6n\u00f6m mindenkinek a Csal\u00e1di Napon val\u00f3 tev\u00e9keny r\u00e9szv\u00e9telt \u00e9s szervez\u00e9st! J\u00f3zsef atya \u00fczenet\u00e9t is szeretn\u00e9m tolm\u00e1csolni: \u201eNagyon sz\u00e9p volt, j\u00f6v\u00f6k m\u00e1skor is\u201d<\/p>\n","protected":false},"author":2,"featured_media":0,"comment_status":"closed","ping_status":"open","sticky":false,"template":"","format":"standard","meta":[],"categories":[1,9],"tags":[],"_links":{"self":[{"href":"https:\/\/szentistvan.dnyem.hu\/index.php?rest_route=\/wp\/v2\/posts\/3900"}],"collection":[{"href":"https:\/\/szentistvan.dnyem.hu\/index.php?rest_route=\/wp\/v2\/posts"}],"about":[{"href":"https:\/\/szentistvan.dnyem.hu\/index.php?rest_route=\/wp\/v2\/types\/post"}],"author":[{"embeddable":true,"href":"https:\/\/szentistvan.dnyem.hu\/index.php?rest_route=\/wp\/v2\/users\/2"}],"replies":[{"embeddable":true,"href":"https:\/\/szentistvan.dnyem.hu\/index.php?rest_route=%2Fwp%2Fv2%2Fcomments&post=3900"}],"version-history":[{"count":1,"href":"https:\/\/szentistvan.dnyem.hu\/index.php?rest_route=\/wp\/v2\/posts\/3900\/revisions"}],"predecessor-version":[{"id":3901,"href":"https:\/\/szentistvan.dnyem.hu\/index.php?rest_route=\/wp\/v2\/posts\/3900\/revisions\/3901"}],"wp:attachment":[{"href":"https:\/\/szentistvan.dnyem.hu\/index.php?rest_route=%2Fwp%2Fv2%2Fmedia&parent=3900"}],"wp:term":[{"taxonomy":"category","embeddable":true,"href":"https:\/\/szentistvan.dnyem.hu\/index.php?rest_route=%2Fwp%2Fv2%2Fcategories&post=3900"},{"taxonomy":"post_tag","embeddable":true,"href":"https:\/\/szentistvan.dnyem.hu\/index.php?rest_route=%2Fwp%2Fv2%2Ftags&post=3900"}],"curies":[{"name":"wp","href":"https:\/\/api.w.org\/{rel}","templated":true}]}}