{"id":3852,"date":"2021-04-29T13:23:38","date_gmt":"2021-04-29T11:23:38","guid":{"rendered":"http:\/\/szentistvan.dnyem.hu\/?p=3852"},"modified":"2021-04-29T13:23:38","modified_gmt":"2021-04-29T11:23:38","slug":"zenehallgatas","status":"publish","type":"post","link":"https:\/\/szentistvan.dnyem.hu\/?p=3852","title":{"rendered":"Zenehallgat\u00e1s"},"content":{"rendered":"\n<p><strong>K\u00e9t vas\u00e1rnap (m\u00e1jus 9-\u00e9n \u00e9s 16-\u00e1n), a d\u00e9lel\u0151tti f\u00e9l 10-es szentmise el\u0151tt 9 \u00f3r\u00e1t\u00f3l <a href=\"https:\/\/www.youtube.com\/watch?v=qFlTRAhCav8\" target=\"_blank\" rel=\"noreferrer noopener\">Bach 66. kant\u00e1t\u00e1j\u00e1<\/a>t hallgatjuk meg k\u00e9t r\u00e9szletben. <\/strong><\/p>\n\n\n\n<p>Ez a h\u00fasv\u00e9t \u00fcnnep\u00e9hez k\u00e9sz\u00fclt, annak titk\u00e1t, mondanival\u00f3j\u00e1t dolgozza fel. <\/p>\n\n\n\n<p>A m\u0171vet magyar\u00e1zzuk, \u00e9s a magyar sz\u00f6veget kivet\u00edtj\u00fck.<\/p>\n","protected":false},"excerpt":{"rendered":"<p>K\u00e9t vas\u00e1rnap (m\u00e1jus 9-\u00e9n \u00e9s 16-\u00e1n), a d\u00e9lel\u0151tti f\u00e9l 10-es szentmise el\u0151tt 9 \u00f3r\u00e1t\u00f3l Bach 66. kant\u00e1t\u00e1j\u00e1t hallgatjuk meg k\u00e9t r\u00e9szletben. Ez a h\u00fasv\u00e9t \u00fcnnep\u00e9hez&#8230;<\/p>\n","protected":false},"author":2,"featured_media":0,"comment_status":"closed","ping_status":"open","sticky":false,"template":"","format":"standard","meta":[],"categories":[1,9,2],"tags":[],"_links":{"self":[{"href":"https:\/\/szentistvan.dnyem.hu\/index.php?rest_route=\/wp\/v2\/posts\/3852"}],"collection":[{"href":"https:\/\/szentistvan.dnyem.hu\/index.php?rest_route=\/wp\/v2\/posts"}],"about":[{"href":"https:\/\/szentistvan.dnyem.hu\/index.php?rest_route=\/wp\/v2\/types\/post"}],"author":[{"embeddable":true,"href":"https:\/\/szentistvan.dnyem.hu\/index.php?rest_route=\/wp\/v2\/users\/2"}],"replies":[{"embeddable":true,"href":"https:\/\/szentistvan.dnyem.hu\/index.php?rest_route=%2Fwp%2Fv2%2Fcomments&post=3852"}],"version-history":[{"count":1,"href":"https:\/\/szentistvan.dnyem.hu\/index.php?rest_route=\/wp\/v2\/posts\/3852\/revisions"}],"predecessor-version":[{"id":3853,"href":"https:\/\/szentistvan.dnyem.hu\/index.php?rest_route=\/wp\/v2\/posts\/3852\/revisions\/3853"}],"wp:attachment":[{"href":"https:\/\/szentistvan.dnyem.hu\/index.php?rest_route=%2Fwp%2Fv2%2Fmedia&parent=3852"}],"wp:term":[{"taxonomy":"category","embeddable":true,"href":"https:\/\/szentistvan.dnyem.hu\/index.php?rest_route=%2Fwp%2Fv2%2Fcategories&post=3852"},{"taxonomy":"post_tag","embeddable":true,"href":"https:\/\/szentistvan.dnyem.hu\/index.php?rest_route=%2Fwp%2Fv2%2Ftags&post=3852"}],"curies":[{"name":"wp","href":"https:\/\/api.w.org\/{rel}","templated":true}]}}