{"id":3826,"date":"2021-04-16T22:19:22","date_gmt":"2021-04-16T20:19:22","guid":{"rendered":"http:\/\/szentistvan.dnyem.hu\/?p=3826"},"modified":"2021-04-25T15:56:38","modified_gmt":"2021-04-25T13:56:38","slug":"vasarnapi-szentmiserend","status":"publish","type":"post","link":"https:\/\/szentistvan.dnyem.hu\/?p=3826","title":{"rendered":"Szentmiserend"},"content":{"rendered":"\n<p>Kedves Testv\u00e9rek!<br><strong>Ameddig a j\u00e1rv\u00e1ny\u00fcgyi korl\u00e1toz\u00e1sok \u00e9rv\u00e9nyben lesznek, azokon a vas\u00e1rnapokon, amelyeken a meteorol\u00f3giai szolg\u00e1lat el\u0151rejelz\u00e9se szerint rossz id\u0151 lesz, a Debreceni Szent Istv\u00e1n templomban az al\u00e1bbi id\u0151pontokban lesznek a szentmis\u00e9k:<br>a szokott id\u0151pontban: 09:30-t\u0151l<br>valamint: 11:00-t\u00f3l<\/strong><br>Mind a k\u00e9t szentmis\u00e9re vonatkozik a P\u00fcsp\u00f6k \u00dar \u00e1ltal el\u0151\u00edrt l\u00e9tsz\u00e1m- \u00e9s \u00fcl\u0151helykorl\u00e1toz\u00e1s, valamint a <a rel=\"noreferrer noopener\" href=\"http:\/\/dnyem.hu\/index.php\/item\/3506-aprilis-10-tol-ismet-nyilvanosak-a-szentmisek-egyhazmegyei-rendelkezesek-a-jarvanyugyi-korlatozasok-reszleges-feloldasarol\" target=\"_blank\">j\u00e1rv\u00e1ny\u00fcgyi el\u0151\u00edr\u00e1sok szigor\u00fa betart\u00e1sa!<\/a><br><strong>Azokon a vas\u00e1rnapokon, amelyeken a meteorol\u00f3giai szolg\u00e1lat el\u0151rejelz\u00e9se szerint j\u00f3 id\u0151 lesz, szabadt\u00e9ri szentmise lesz a Debreceni Szent Istv\u00e1n templom udvar\u00e1n a megszokott id\u0151pontban lesz a szentmise:<br>09:30-t\u0151l<\/strong><\/p>\n\n\n\n<p>Mindig az adott vas\u00e1rnap el\u0151tt 1-2 nappal d\u00f6ntj\u00fck el, hogy 1 szabadt\u00e9ri vagy 2 templombeli szentmise lesz.<\/p>\n\n\n\n<p>Err\u0151l a d\u00f6nt\u00e9sr\u0151l itt a honlapon is t\u00e1j\u00e9koztat\u00e1st adunk.<\/p>\n\n\n\n<p><strong>H\u00e9tk\u00f6znapi szentmis\u00e9k h\u00e9tf\u0151n, kedden, szerd\u00e1n \u00e9s cs\u00fct\u00f6rt\u00f6k\u00f6n 18:00-t\u00f3l lesznek templomunkban.<\/strong><\/p>\n\n\n\n<p>Szeretettel h\u00edvunk \u00e9s v\u00e1runk Mindenkit!<\/p>\n\n\n\n<p>Bancsi Zolt\u00e1n<\/p>\n","protected":false},"excerpt":{"rendered":"<p>Kedves Testv\u00e9rek!Ameddig a j\u00e1rv\u00e1ny\u00fcgyi korl\u00e1toz\u00e1sok \u00e9rv\u00e9nyben lesznek, azokon a vas\u00e1rnapokon, amelyeken a meteorol\u00f3giai szolg\u00e1lat el\u0151rejelz\u00e9se szerint rossz id\u0151 lesz, a Debreceni Szent Istv\u00e1n templomban az&#8230;<\/p>\n","protected":false},"author":2,"featured_media":0,"comment_status":"closed","ping_status":"open","sticky":false,"template":"","format":"standard","meta":[],"categories":[1,9,2],"tags":[],"_links":{"self":[{"href":"https:\/\/szentistvan.dnyem.hu\/index.php?rest_route=\/wp\/v2\/posts\/3826"}],"collection":[{"href":"https:\/\/szentistvan.dnyem.hu\/index.php?rest_route=\/wp\/v2\/posts"}],"about":[{"href":"https:\/\/szentistvan.dnyem.hu\/index.php?rest_route=\/wp\/v2\/types\/post"}],"author":[{"embeddable":true,"href":"https:\/\/szentistvan.dnyem.hu\/index.php?rest_route=\/wp\/v2\/users\/2"}],"replies":[{"embeddable":true,"href":"https:\/\/szentistvan.dnyem.hu\/index.php?rest_route=%2Fwp%2Fv2%2Fcomments&post=3826"}],"version-history":[{"count":9,"href":"https:\/\/szentistvan.dnyem.hu\/index.php?rest_route=\/wp\/v2\/posts\/3826\/revisions"}],"predecessor-version":[{"id":3845,"href":"https:\/\/szentistvan.dnyem.hu\/index.php?rest_route=\/wp\/v2\/posts\/3826\/revisions\/3845"}],"wp:attachment":[{"href":"https:\/\/szentistvan.dnyem.hu\/index.php?rest_route=%2Fwp%2Fv2%2Fmedia&parent=3826"}],"wp:term":[{"taxonomy":"category","embeddable":true,"href":"https:\/\/szentistvan.dnyem.hu\/index.php?rest_route=%2Fwp%2Fv2%2Fcategories&post=3826"},{"taxonomy":"post_tag","embeddable":true,"href":"https:\/\/szentistvan.dnyem.hu\/index.php?rest_route=%2Fwp%2Fv2%2Ftags&post=3826"}],"curies":[{"name":"wp","href":"https:\/\/api.w.org\/{rel}","templated":true}]}}