{"id":3737,"date":"2021-03-13T19:41:58","date_gmt":"2021-03-13T17:41:58","guid":{"rendered":"http:\/\/szentistvan.dnyem.hu\/?p=3737"},"modified":"2021-03-13T19:55:13","modified_gmt":"2021-03-13T17:55:13","slug":"nyilvanos-szertartasok-szuneteltetese","status":"publish","type":"post","link":"https:\/\/szentistvan.dnyem.hu\/?p=3737","title":{"rendered":"Nyilv\u00e1nos szertart\u00e1sok sz\u00fcneteltet\u00e9se"},"content":{"rendered":"\n<p>Kedves Testv\u00e9rek!<br>Ez\u00faton \u00e9rtes\u00edtem a kedves h\u00edveket, hogy <a rel=\"noreferrer noopener\" href=\"http:\/\/dnyem.hu\/index.php\/item\/3452-egyhazmegyei-rendelkezesek-ertelmeben-marcius-15-tol-templomainkban-szunetelnek-a-nyilvanos-szentmisek\" target=\"_blank\">Pal\u00e1nki Ferenc Megy\u00e9sp\u00fcsp\u00f6k \u00dar rendelkez\u00e9se<\/a> \u00e9rtelm\u00e9ben,<strong> templomunkban 2021. m\u00e1rcius 15-t\u0151l NEM lesznek nyilv\u00e1nos szertart\u00e1sok.<\/strong><br>Tov\u00e1bb\u00e1 minden meghirdetett, vagy szok\u00e1sos \u00f6sszej\u00f6vetel is sz\u00fcnetel, am\u00edg a F\u0151p\u00e1sztor ezen rendelkez\u00e9s\u00e9t vissza nem vonja. Temet\u00e9seket lehet tartani, az \u00e9rv\u00e9nyes \u00e1llami el\u0151\u00edr\u00e1sok szigor\u00fa betart\u00e1s\u00e1val!<br>A felvett szentmis\u00e9k, esk\u00fcv\u0151k, keresztel\u0151k \u00faj id\u0151pontban lesznek majd megtartva, amint ez a rendelet hat\u00e1ly\u00e1t veszti!<br>Arra k\u00e9rem a Kedves Testv\u00e9reket, hogy im\u00e1dkozzanak odahaza velem egy\u00fctt, valamint <a href=\"https:\/\/www.magyarkurir.hu\/hirek\/hol-es-mikor-kovetheto-elo-szentmise-kozvetites-osszegyujtjuk-lehetosegeket\" target=\"_blank\" rel=\"noreferrer noopener\">k\u00f6vess\u00e9k a k\u00f6zm\u00e9dia \u00e1ltal felk\u00edn\u00e1lt lehet\u0151s\u00e9geket!<\/a><br>Telefonon el\u00e9rhet\u0151 vagyok: a 30\/388-70-15 sz\u00e1mon!<\/p>\n\n\n\n<p>Szeretettel \u00e9s a viszontl\u00e1t\u00e1s rem\u00e9ny\u00e9ben!<\/p>\n\n\n\n<p>Bancsi Zolt\u00e1n<br>pl\u00e9b\u00e1niai korm\u00e1nyz\u00f3<br>Debrecen, 2021. m\u00e1rcius 14<\/p>\n\n\n\n<p>B\u00edzd gondjaidat az \u00darra, \u0151 majd meger\u0151s\u00edt!<br>(Zsolt 55,23)<\/p>\n\n\n\n<script>\nvar igemutato = {config: {forditas: 'SZIT'}},\ns = document.getElementsByTagName('script')[0],\ne = document.createElement('script');\ne.id = 'igemutato-script';\ne.src = 'https:\/\/molnarm.github.io\/igemutato.min.js';\ns.parentNode.insertBefore(e, s);\n<\/script>\n","protected":false},"excerpt":{"rendered":"<p>Kedves Testv\u00e9rek!Ez\u00faton \u00e9rtes\u00edtem a kedves h\u00edveket, hogy Pal\u00e1nki Ferenc Megy\u00e9sp\u00fcsp\u00f6k \u00dar rendelkez\u00e9se \u00e9rtelm\u00e9ben, templomunkban 2021. m\u00e1rcius 15-t\u0151l NEM lesznek nyilv\u00e1nos szertart\u00e1sok.Tov\u00e1bb\u00e1 minden meghirdetett, vagy szok\u00e1sos&#8230;<\/p>\n","protected":false},"author":2,"featured_media":0,"comment_status":"closed","ping_status":"open","sticky":false,"template":"","format":"standard","meta":[],"categories":[1,9],"tags":[],"_links":{"self":[{"href":"https:\/\/szentistvan.dnyem.hu\/index.php?rest_route=\/wp\/v2\/posts\/3737"}],"collection":[{"href":"https:\/\/szentistvan.dnyem.hu\/index.php?rest_route=\/wp\/v2\/posts"}],"about":[{"href":"https:\/\/szentistvan.dnyem.hu\/index.php?rest_route=\/wp\/v2\/types\/post"}],"author":[{"embeddable":true,"href":"https:\/\/szentistvan.dnyem.hu\/index.php?rest_route=\/wp\/v2\/users\/2"}],"replies":[{"embeddable":true,"href":"https:\/\/szentistvan.dnyem.hu\/index.php?rest_route=%2Fwp%2Fv2%2Fcomments&post=3737"}],"version-history":[{"count":3,"href":"https:\/\/szentistvan.dnyem.hu\/index.php?rest_route=\/wp\/v2\/posts\/3737\/revisions"}],"predecessor-version":[{"id":3743,"href":"https:\/\/szentistvan.dnyem.hu\/index.php?rest_route=\/wp\/v2\/posts\/3737\/revisions\/3743"}],"wp:attachment":[{"href":"https:\/\/szentistvan.dnyem.hu\/index.php?rest_route=%2Fwp%2Fv2%2Fmedia&parent=3737"}],"wp:term":[{"taxonomy":"category","embeddable":true,"href":"https:\/\/szentistvan.dnyem.hu\/index.php?rest_route=%2Fwp%2Fv2%2Fcategories&post=3737"},{"taxonomy":"post_tag","embeddable":true,"href":"https:\/\/szentistvan.dnyem.hu\/index.php?rest_route=%2Fwp%2Fv2%2Ftags&post=3737"}],"curies":[{"name":"wp","href":"https:\/\/api.w.org\/{rel}","templated":true}]}}