{"id":3733,"date":"2021-03-11T12:59:11","date_gmt":"2021-03-11T10:59:11","guid":{"rendered":"http:\/\/szentistvan.dnyem.hu\/?p=3733"},"modified":"2021-03-11T12:59:11","modified_gmt":"2021-03-11T10:59:11","slug":"24-ora-az-urert","status":"publish","type":"post","link":"https:\/\/szentistvan.dnyem.hu\/?p=3733","title":{"rendered":"24 \u00f3ra az \u00dar\u00e9rt"},"content":{"rendered":"\n<p>Ezen a h\u00e9ten p\u00e9nteken (m\u00e1rcius 12-\u00e9n) d\u00e9lut\u00e1n egyh\u00e1zk\u00f6zs\u00e9g\u00fcnk is csatlakozik a <a href=\"https:\/\/katolikus.hu\/dokumentumtar\/2985\" target=\"_blank\" rel=\"noreferrer noopener\">&#8220;24 \u00f3ra az \u00dar\u00e9rt&#8221; kezdem\u00e9nyez\u00e9shez<\/a>. 12:00-t\u00f3l eg\u00e9szen este 17:30-ig <a href=\"http:\/\/lexikon.katolikus.hu\/S\/szents%C3%A9gim%C3%A1d%C3%A1s.html\" target=\"_blank\" rel=\"noreferrer noopener\">szents\u00e9gim\u00e1d\u00e1s<\/a> lesz a templomban. 15:30-t\u00f3l pedig lehet\u0151s\u00e9g ny\u00edlik a sekresty\u00e9ben a <a href=\"http:\/\/lexikon.katolikus.hu\/S\/szentgy%C3%B3n%C3%A1s.html\" target=\"_blank\" rel=\"noreferrer noopener\">szentgy\u00f3n\u00e1s<\/a> elv\u00e9gz\u00e9s\u00e9re is.<\/p>\n\n\n\n<p>Tudom, hogy munkanap is van, de lehet\u0151s\u00e9geinkhez m\u00e9rten igyekezz\u00fcnk csatlakozni!<\/p>\n","protected":false},"excerpt":{"rendered":"<p>Ezen a h\u00e9ten p\u00e9nteken (m\u00e1rcius 12-\u00e9n) d\u00e9lut\u00e1n egyh\u00e1zk\u00f6zs\u00e9g\u00fcnk is csatlakozik a &#8220;24 \u00f3ra az \u00dar\u00e9rt&#8221; kezdem\u00e9nyez\u00e9shez. 12:00-t\u00f3l eg\u00e9szen este 17:30-ig szents\u00e9gim\u00e1d\u00e1s lesz a templomban. 15:30-t\u00f3l&#8230;<\/p>\n","protected":false},"author":2,"featured_media":0,"comment_status":"closed","ping_status":"open","sticky":false,"template":"","format":"standard","meta":[],"categories":[1,9,2],"tags":[],"_links":{"self":[{"href":"https:\/\/szentistvan.dnyem.hu\/index.php?rest_route=\/wp\/v2\/posts\/3733"}],"collection":[{"href":"https:\/\/szentistvan.dnyem.hu\/index.php?rest_route=\/wp\/v2\/posts"}],"about":[{"href":"https:\/\/szentistvan.dnyem.hu\/index.php?rest_route=\/wp\/v2\/types\/post"}],"author":[{"embeddable":true,"href":"https:\/\/szentistvan.dnyem.hu\/index.php?rest_route=\/wp\/v2\/users\/2"}],"replies":[{"embeddable":true,"href":"https:\/\/szentistvan.dnyem.hu\/index.php?rest_route=%2Fwp%2Fv2%2Fcomments&post=3733"}],"version-history":[{"count":1,"href":"https:\/\/szentistvan.dnyem.hu\/index.php?rest_route=\/wp\/v2\/posts\/3733\/revisions"}],"predecessor-version":[{"id":3734,"href":"https:\/\/szentistvan.dnyem.hu\/index.php?rest_route=\/wp\/v2\/posts\/3733\/revisions\/3734"}],"wp:attachment":[{"href":"https:\/\/szentistvan.dnyem.hu\/index.php?rest_route=%2Fwp%2Fv2%2Fmedia&parent=3733"}],"wp:term":[{"taxonomy":"category","embeddable":true,"href":"https:\/\/szentistvan.dnyem.hu\/index.php?rest_route=%2Fwp%2Fv2%2Fcategories&post=3733"},{"taxonomy":"post_tag","embeddable":true,"href":"https:\/\/szentistvan.dnyem.hu\/index.php?rest_route=%2Fwp%2Fv2%2Ftags&post=3733"}],"curies":[{"name":"wp","href":"https:\/\/api.w.org\/{rel}","templated":true}]}}