{"id":3714,"date":"2021-03-02T11:35:35","date_gmt":"2021-03-02T09:35:35","guid":{"rendered":"http:\/\/szentistvan.dnyem.hu\/?p=3714"},"modified":"2021-03-02T11:35:35","modified_gmt":"2021-03-02T09:35:35","slug":"nagybojti-tartoselelmiszer-gyujtes-3","status":"publish","type":"post","link":"https:\/\/szentistvan.dnyem.hu\/?p=3714","title":{"rendered":"Nagyb\u00f6jti tart\u00f3s\u00e9lelmiszer-gy\u0171jt\u00e9s"},"content":{"rendered":"\n<p>A <a rel=\"noreferrer noopener\" href=\"https:\/\/katolikus.hu\/cikk\/a-magyar-katolikus-puspoki-konferencia-korlevele-a-nagybojti-tartoselelmiszer-gyujtesrol-42728510\" target=\"_blank\">Magyar Katolikus P\u00fcsp\u00f6ki Konferencia nagyb\u00f6jti tart\u00f3s\u00e9lelmiszer-gy\u0171jt\u00e9sre<\/a> h\u00edv benn\u00fcnket m\u00e1rcius 7-t\u0151l 14-ig! K\u00e9rem a Kedves Testv\u00e9reket, hogy az adom\u00e1nyokat a kereszt t\u00f6v\u00e9be helyezz\u00e9k el, \u00e9s innen fogjuk majd tov\u00e1bb\u00edtani!<\/p>\n","protected":false},"excerpt":{"rendered":"<p>A Magyar Katolikus P\u00fcsp\u00f6ki Konferencia nagyb\u00f6jti tart\u00f3s\u00e9lelmiszer-gy\u0171jt\u00e9sre h\u00edv benn\u00fcnket m\u00e1rcius 7-t\u0151l 14-ig! K\u00e9rem a Kedves Testv\u00e9reket, hogy az adom\u00e1nyokat a kereszt t\u00f6v\u00e9be helyezz\u00e9k el, \u00e9s&#8230;<\/p>\n","protected":false},"author":2,"featured_media":0,"comment_status":"closed","ping_status":"open","sticky":false,"template":"","format":"standard","meta":[],"categories":[1,7,2],"tags":[],"_links":{"self":[{"href":"https:\/\/szentistvan.dnyem.hu\/index.php?rest_route=\/wp\/v2\/posts\/3714"}],"collection":[{"href":"https:\/\/szentistvan.dnyem.hu\/index.php?rest_route=\/wp\/v2\/posts"}],"about":[{"href":"https:\/\/szentistvan.dnyem.hu\/index.php?rest_route=\/wp\/v2\/types\/post"}],"author":[{"embeddable":true,"href":"https:\/\/szentistvan.dnyem.hu\/index.php?rest_route=\/wp\/v2\/users\/2"}],"replies":[{"embeddable":true,"href":"https:\/\/szentistvan.dnyem.hu\/index.php?rest_route=%2Fwp%2Fv2%2Fcomments&post=3714"}],"version-history":[{"count":1,"href":"https:\/\/szentistvan.dnyem.hu\/index.php?rest_route=\/wp\/v2\/posts\/3714\/revisions"}],"predecessor-version":[{"id":3715,"href":"https:\/\/szentistvan.dnyem.hu\/index.php?rest_route=\/wp\/v2\/posts\/3714\/revisions\/3715"}],"wp:attachment":[{"href":"https:\/\/szentistvan.dnyem.hu\/index.php?rest_route=%2Fwp%2Fv2%2Fmedia&parent=3714"}],"wp:term":[{"taxonomy":"category","embeddable":true,"href":"https:\/\/szentistvan.dnyem.hu\/index.php?rest_route=%2Fwp%2Fv2%2Fcategories&post=3714"},{"taxonomy":"post_tag","embeddable":true,"href":"https:\/\/szentistvan.dnyem.hu\/index.php?rest_route=%2Fwp%2Fv2%2Ftags&post=3714"}],"curies":[{"name":"wp","href":"https:\/\/api.w.org\/{rel}","templated":true}]}}