{"id":3695,"date":"2021-02-21T23:48:14","date_gmt":"2021-02-21T21:48:14","guid":{"rendered":"http:\/\/szentistvan.dnyem.hu\/?p=3695"},"modified":"2021-02-21T23:48:14","modified_gmt":"2021-02-21T21:48:14","slug":"kepviselotestuleti-gyules-16","status":"publish","type":"post","link":"https:\/\/szentistvan.dnyem.hu\/?p=3695","title":{"rendered":"K\u00e9pvisel\u0151test\u00fcleti gy\u0171l\u00e9s"},"content":{"rendered":"\n<p>A h\u00e9ten <strong>kedden (febru\u00e1r 23-\u00e1n) 17:30-t\u00f3l<\/strong> k\u00e9pvisel\u0151test\u00fcleti gy\u0171l\u00e9s lesz itt a templomban! Szeretettel h\u00edvom \u00e9s v\u00e1rom \u0150ket a megbesz\u00e9l\u00e9sre!<\/p>\n","protected":false},"excerpt":{"rendered":"<p>A h\u00e9ten kedden (febru\u00e1r 23-\u00e1n) 17:30-t\u00f3l k\u00e9pvisel\u0151test\u00fcleti gy\u0171l\u00e9s lesz itt a templomban! Szeretettel h\u00edvom \u00e9s v\u00e1rom \u0150ket a megbesz\u00e9l\u00e9sre!<\/p>\n","protected":false},"author":2,"featured_media":0,"comment_status":"closed","ping_status":"open","sticky":false,"template":"","format":"standard","meta":[],"categories":[1,2],"tags":[],"_links":{"self":[{"href":"https:\/\/szentistvan.dnyem.hu\/index.php?rest_route=\/wp\/v2\/posts\/3695"}],"collection":[{"href":"https:\/\/szentistvan.dnyem.hu\/index.php?rest_route=\/wp\/v2\/posts"}],"about":[{"href":"https:\/\/szentistvan.dnyem.hu\/index.php?rest_route=\/wp\/v2\/types\/post"}],"author":[{"embeddable":true,"href":"https:\/\/szentistvan.dnyem.hu\/index.php?rest_route=\/wp\/v2\/users\/2"}],"replies":[{"embeddable":true,"href":"https:\/\/szentistvan.dnyem.hu\/index.php?rest_route=%2Fwp%2Fv2%2Fcomments&post=3695"}],"version-history":[{"count":1,"href":"https:\/\/szentistvan.dnyem.hu\/index.php?rest_route=\/wp\/v2\/posts\/3695\/revisions"}],"predecessor-version":[{"id":3696,"href":"https:\/\/szentistvan.dnyem.hu\/index.php?rest_route=\/wp\/v2\/posts\/3695\/revisions\/3696"}],"wp:attachment":[{"href":"https:\/\/szentistvan.dnyem.hu\/index.php?rest_route=%2Fwp%2Fv2%2Fmedia&parent=3695"}],"wp:term":[{"taxonomy":"category","embeddable":true,"href":"https:\/\/szentistvan.dnyem.hu\/index.php?rest_route=%2Fwp%2Fv2%2Fcategories&post=3695"},{"taxonomy":"post_tag","embeddable":true,"href":"https:\/\/szentistvan.dnyem.hu\/index.php?rest_route=%2Fwp%2Fv2%2Ftags&post=3695"}],"curies":[{"name":"wp","href":"https:\/\/api.w.org\/{rel}","templated":true}]}}