{"id":3685,"date":"2021-02-14T19:21:19","date_gmt":"2021-02-14T17:21:19","guid":{"rendered":"http:\/\/szentistvan.dnyem.hu\/?p=3685"},"modified":"2021-02-14T19:21:19","modified_gmt":"2021-02-14T17:21:19","slug":"hamvazas","status":"publish","type":"post","link":"https:\/\/szentistvan.dnyem.hu\/?p=3685","title":{"rendered":"Hamvaz\u00e1s"},"content":{"rendered":"\n<p><a href=\"http:\/\/lexikon.katolikus.hu\/H\/hamvaz%C3%B3szerda.html\" target=\"_blank\" rel=\"noreferrer noopener\">Hamvaz\u00f3szerd\u00e1n<\/a> (febru\u00e1r 17-\u00e9n) \u00e9s az azt k\u00f6vet\u0151 vas\u00e1rnap (febru\u00e1r 21-\u00e9n, nagyb\u00f6jt els\u0151 vas\u00e1rnapj\u00e1n) is lesz lehet\u0151s\u00e9g <a href=\"http:\/\/lexikon.katolikus.hu\/H\/hamvaz%C3%A1s.html\" target=\"_blank\" rel=\"noreferrer noopener\">hamvaz\u00e1sra<\/a>. A v\u00edrushelyzet miatt az<a href=\"https:\/\/www.liturgia.hu\/l\/az-istentiszteleti-es-szentsegi-fegyelmi-kongregacio-felhivasa-a-hamvazassal-kapcsolatban\/\" target=\"_blank\" rel=\"noreferrer noopener\"> Istentiszteleti \u00e9s Szents\u00e9gi Kongreg\u00e1ci\u00f3 k\u00f6telez\u0151en el\u0151\u00edrt szertart\u00e1srendj\u00e9t<\/a> fogjuk majd k\u00f6vetni.<\/p>\n","protected":false},"excerpt":{"rendered":"<p>Hamvaz\u00f3szerd\u00e1n (febru\u00e1r 17-\u00e9n) \u00e9s az azt k\u00f6vet\u0151 vas\u00e1rnap (febru\u00e1r 21-\u00e9n, nagyb\u00f6jt els\u0151 vas\u00e1rnapj\u00e1n) is lesz lehet\u0151s\u00e9g hamvaz\u00e1sra. A v\u00edrushelyzet miatt az Istentiszteleti \u00e9s Szents\u00e9gi Kongreg\u00e1ci\u00f3&#8230;<\/p>\n","protected":false},"author":2,"featured_media":0,"comment_status":"closed","ping_status":"open","sticky":false,"template":"","format":"standard","meta":[],"categories":[1,9,2],"tags":[],"_links":{"self":[{"href":"https:\/\/szentistvan.dnyem.hu\/index.php?rest_route=\/wp\/v2\/posts\/3685"}],"collection":[{"href":"https:\/\/szentistvan.dnyem.hu\/index.php?rest_route=\/wp\/v2\/posts"}],"about":[{"href":"https:\/\/szentistvan.dnyem.hu\/index.php?rest_route=\/wp\/v2\/types\/post"}],"author":[{"embeddable":true,"href":"https:\/\/szentistvan.dnyem.hu\/index.php?rest_route=\/wp\/v2\/users\/2"}],"replies":[{"embeddable":true,"href":"https:\/\/szentistvan.dnyem.hu\/index.php?rest_route=%2Fwp%2Fv2%2Fcomments&post=3685"}],"version-history":[{"count":1,"href":"https:\/\/szentistvan.dnyem.hu\/index.php?rest_route=\/wp\/v2\/posts\/3685\/revisions"}],"predecessor-version":[{"id":3686,"href":"https:\/\/szentistvan.dnyem.hu\/index.php?rest_route=\/wp\/v2\/posts\/3685\/revisions\/3686"}],"wp:attachment":[{"href":"https:\/\/szentistvan.dnyem.hu\/index.php?rest_route=%2Fwp%2Fv2%2Fmedia&parent=3685"}],"wp:term":[{"taxonomy":"category","embeddable":true,"href":"https:\/\/szentistvan.dnyem.hu\/index.php?rest_route=%2Fwp%2Fv2%2Fcategories&post=3685"},{"taxonomy":"post_tag","embeddable":true,"href":"https:\/\/szentistvan.dnyem.hu\/index.php?rest_route=%2Fwp%2Fv2%2Ftags&post=3685"}],"curies":[{"name":"wp","href":"https:\/\/api.w.org\/{rel}","templated":true}]}}