{"id":3681,"date":"2021-02-14T15:08:57","date_gmt":"2021-02-14T13:08:57","guid":{"rendered":"http:\/\/szentistvan.dnyem.hu\/?p=3681"},"modified":"2021-02-14T15:08:57","modified_gmt":"2021-02-14T13:08:57","slug":"keresztut-3","status":"publish","type":"post","link":"https:\/\/szentistvan.dnyem.hu\/?p=3681","title":{"rendered":"Kereszt\u00fat"},"content":{"rendered":"\n<p><a rel=\"noreferrer noopener\" href=\"https:\/\/archiv.katolikus.hu\/szentek2\/SZENTEK\/00000208.HTM\" target=\"_blank\">Nagyb\u00f6jti id\u0151ben<\/a> p\u00e9nteken est\u00e9nk\u00e9nt 17:30-t\u00f3l <a href=\"http:\/\/lexikon.katolikus.hu\/K\/kereszt%C3%BAti%20%C3%A1jtatoss%C3%A1g.html\" target=\"_blank\" rel=\"noreferrer noopener\">keresztutat<\/a> v\u00e9gz\u00fcnk templomunkban, majd azt k\u00f6vet\u0151en pedig szentmis\u00e9t mutatunk be. Buzd\u00edtom a kedves testv\u00e9reket, hogy min\u00e9l t\u00f6bben vegy\u00fcnk r\u00e9szt a k\u00f6z\u00f6s im\u00e1ds\u00e1gban.<\/p>\n","protected":false},"excerpt":{"rendered":"<p>Nagyb\u00f6jti id\u0151ben p\u00e9nteken est\u00e9nk\u00e9nt 17:30-t\u00f3l keresztutat v\u00e9gz\u00fcnk templomunkban, majd azt k\u00f6vet\u0151en pedig szentmis\u00e9t mutatunk be. Buzd\u00edtom a kedves testv\u00e9reket, hogy min\u00e9l t\u00f6bben vegy\u00fcnk r\u00e9szt a&#8230;<\/p>\n","protected":false},"author":2,"featured_media":0,"comment_status":"closed","ping_status":"open","sticky":false,"template":"","format":"standard","meta":[],"categories":[1,9,2],"tags":[],"_links":{"self":[{"href":"https:\/\/szentistvan.dnyem.hu\/index.php?rest_route=\/wp\/v2\/posts\/3681"}],"collection":[{"href":"https:\/\/szentistvan.dnyem.hu\/index.php?rest_route=\/wp\/v2\/posts"}],"about":[{"href":"https:\/\/szentistvan.dnyem.hu\/index.php?rest_route=\/wp\/v2\/types\/post"}],"author":[{"embeddable":true,"href":"https:\/\/szentistvan.dnyem.hu\/index.php?rest_route=\/wp\/v2\/users\/2"}],"replies":[{"embeddable":true,"href":"https:\/\/szentistvan.dnyem.hu\/index.php?rest_route=%2Fwp%2Fv2%2Fcomments&post=3681"}],"version-history":[{"count":1,"href":"https:\/\/szentistvan.dnyem.hu\/index.php?rest_route=\/wp\/v2\/posts\/3681\/revisions"}],"predecessor-version":[{"id":3682,"href":"https:\/\/szentistvan.dnyem.hu\/index.php?rest_route=\/wp\/v2\/posts\/3681\/revisions\/3682"}],"wp:attachment":[{"href":"https:\/\/szentistvan.dnyem.hu\/index.php?rest_route=%2Fwp%2Fv2%2Fmedia&parent=3681"}],"wp:term":[{"taxonomy":"category","embeddable":true,"href":"https:\/\/szentistvan.dnyem.hu\/index.php?rest_route=%2Fwp%2Fv2%2Fcategories&post=3681"},{"taxonomy":"post_tag","embeddable":true,"href":"https:\/\/szentistvan.dnyem.hu\/index.php?rest_route=%2Fwp%2Fv2%2Ftags&post=3681"}],"curies":[{"name":"wp","href":"https:\/\/api.w.org\/{rel}","templated":true}]}}