{"id":3679,"date":"2021-02-14T15:05:14","date_gmt":"2021-02-14T13:05:14","guid":{"rendered":"http:\/\/szentistvan.dnyem.hu\/?p=3679"},"modified":"2021-02-14T15:05:14","modified_gmt":"2021-02-14T13:05:14","slug":"hamvazoszerda-4","status":"publish","type":"post","link":"https:\/\/szentistvan.dnyem.hu\/?p=3679","title":{"rendered":"Hamvaz\u00f3szerda"},"content":{"rendered":"\n<p>Febru\u00e1r 17-\u00e9n lesz <a href=\"http:\/\/lexikon.katolikus.hu\/H\/hamvaz%C3%B3szerda.html\" target=\"_blank\" rel=\"noreferrer noopener\">hamvaz\u00f3szerda<\/a>. Ezzel a nappal elkezd\u0151dik a <a href=\"http:\/\/lexikon.katolikus.hu\/N\/nagyb%C3%B6jt.html\" target=\"_blank\" rel=\"noreferrer noopener\">nagyb\u00f6jti id\u0151szak<\/a>. Ezen a napon <a href=\"http:\/\/lexikon.katolikus.hu\/S\/szigor%C3%BA%20b%C3%B6jt.html\" target=\"_blank\" rel=\"noreferrer noopener\">szigor\u00fa b\u00f6jti nap<\/a> van: h\u00e1romszori \u00e9tkez\u00e9s, egyszeri j\u00f3llak\u00e1s. 18-t\u00f3l 60 \u00e9ves korig k\u00f6telez\u0151 mindazok sz\u00e1m\u00e1ra, akik nem betegek vagy nem v\u00e9geznek fizikai munk\u00e1t. A nagyb\u00f6jti id\u0151szak is kiv\u00e1l\u00f3 alkalom arra, hogy k\u00f6zelebb ker\u00fclj\u00fcnk Istenhez.<\/p>\n","protected":false},"excerpt":{"rendered":"<p>Febru\u00e1r 17-\u00e9n lesz hamvaz\u00f3szerda. Ezzel a nappal elkezd\u0151dik a nagyb\u00f6jti id\u0151szak. Ezen a napon szigor\u00fa b\u00f6jti nap van: h\u00e1romszori \u00e9tkez\u00e9s, egyszeri j\u00f3llak\u00e1s. 18-t\u00f3l 60 \u00e9ves&#8230;<\/p>\n","protected":false},"author":2,"featured_media":0,"comment_status":"closed","ping_status":"open","sticky":false,"template":"","format":"standard","meta":[],"categories":[1,9,2],"tags":[],"_links":{"self":[{"href":"https:\/\/szentistvan.dnyem.hu\/index.php?rest_route=\/wp\/v2\/posts\/3679"}],"collection":[{"href":"https:\/\/szentistvan.dnyem.hu\/index.php?rest_route=\/wp\/v2\/posts"}],"about":[{"href":"https:\/\/szentistvan.dnyem.hu\/index.php?rest_route=\/wp\/v2\/types\/post"}],"author":[{"embeddable":true,"href":"https:\/\/szentistvan.dnyem.hu\/index.php?rest_route=\/wp\/v2\/users\/2"}],"replies":[{"embeddable":true,"href":"https:\/\/szentistvan.dnyem.hu\/index.php?rest_route=%2Fwp%2Fv2%2Fcomments&post=3679"}],"version-history":[{"count":1,"href":"https:\/\/szentistvan.dnyem.hu\/index.php?rest_route=\/wp\/v2\/posts\/3679\/revisions"}],"predecessor-version":[{"id":3680,"href":"https:\/\/szentistvan.dnyem.hu\/index.php?rest_route=\/wp\/v2\/posts\/3679\/revisions\/3680"}],"wp:attachment":[{"href":"https:\/\/szentistvan.dnyem.hu\/index.php?rest_route=%2Fwp%2Fv2%2Fmedia&parent=3679"}],"wp:term":[{"taxonomy":"category","embeddable":true,"href":"https:\/\/szentistvan.dnyem.hu\/index.php?rest_route=%2Fwp%2Fv2%2Fcategories&post=3679"},{"taxonomy":"post_tag","embeddable":true,"href":"https:\/\/szentistvan.dnyem.hu\/index.php?rest_route=%2Fwp%2Fv2%2Ftags&post=3679"}],"curies":[{"name":"wp","href":"https:\/\/api.w.org\/{rel}","templated":true}]}}