{"id":3669,"date":"2021-02-07T13:55:49","date_gmt":"2021-02-07T11:55:49","guid":{"rendered":"http:\/\/szentistvan.dnyem.hu\/?p=3669"},"modified":"2021-02-07T13:55:49","modified_gmt":"2021-02-07T11:55:49","slug":"betegek-vilagnapja-5","status":"publish","type":"post","link":"https:\/\/szentistvan.dnyem.hu\/?p=3669","title":{"rendered":"Betegek vil\u00e1gnapja"},"content":{"rendered":"\n<p>Febru\u00e1r 11-\u00e9n (cs\u00fct\u00f6rt\u00f6k\u00f6n) van a <a href=\"https:\/\/regi.katolikus.hu\/rendek.php?h=110\" target=\"_blank\" rel=\"noreferrer noopener\">betegek vil\u00e1gnapja.<\/a> Im\u00e1ds\u00e1gainkban gondoljunk a betegekre, valamint az \u0151ket \u00e1pol\u00f3kra, gondoz\u00f3kra is!<\/p>\n","protected":false},"excerpt":{"rendered":"<p>Febru\u00e1r 11-\u00e9n (cs\u00fct\u00f6rt\u00f6k\u00f6n) van a betegek vil\u00e1gnapja. Im\u00e1ds\u00e1gainkban gondoljunk a betegekre, valamint az \u0151ket \u00e1pol\u00f3kra, gondoz\u00f3kra is!<\/p>\n","protected":false},"author":2,"featured_media":0,"comment_status":"closed","ping_status":"open","sticky":false,"template":"","format":"standard","meta":[],"categories":[1],"tags":[],"_links":{"self":[{"href":"https:\/\/szentistvan.dnyem.hu\/index.php?rest_route=\/wp\/v2\/posts\/3669"}],"collection":[{"href":"https:\/\/szentistvan.dnyem.hu\/index.php?rest_route=\/wp\/v2\/posts"}],"about":[{"href":"https:\/\/szentistvan.dnyem.hu\/index.php?rest_route=\/wp\/v2\/types\/post"}],"author":[{"embeddable":true,"href":"https:\/\/szentistvan.dnyem.hu\/index.php?rest_route=\/wp\/v2\/users\/2"}],"replies":[{"embeddable":true,"href":"https:\/\/szentistvan.dnyem.hu\/index.php?rest_route=%2Fwp%2Fv2%2Fcomments&post=3669"}],"version-history":[{"count":1,"href":"https:\/\/szentistvan.dnyem.hu\/index.php?rest_route=\/wp\/v2\/posts\/3669\/revisions"}],"predecessor-version":[{"id":3670,"href":"https:\/\/szentistvan.dnyem.hu\/index.php?rest_route=\/wp\/v2\/posts\/3669\/revisions\/3670"}],"wp:attachment":[{"href":"https:\/\/szentistvan.dnyem.hu\/index.php?rest_route=%2Fwp%2Fv2%2Fmedia&parent=3669"}],"wp:term":[{"taxonomy":"category","embeddable":true,"href":"https:\/\/szentistvan.dnyem.hu\/index.php?rest_route=%2Fwp%2Fv2%2Fcategories&post=3669"},{"taxonomy":"post_tag","embeddable":true,"href":"https:\/\/szentistvan.dnyem.hu\/index.php?rest_route=%2Fwp%2Fv2%2Ftags&post=3669"}],"curies":[{"name":"wp","href":"https:\/\/api.w.org\/{rel}","templated":true}]}}