{"id":3662,"date":"2021-01-31T10:43:02","date_gmt":"2021-01-31T08:43:02","guid":{"rendered":"http:\/\/szentistvan.dnyem.hu\/?p=3662"},"modified":"2021-01-31T10:43:02","modified_gmt":"2021-01-31T08:43:02","slug":"szent-balazs-emleknapja","status":"publish","type":"post","link":"https:\/\/szentistvan.dnyem.hu\/?p=3662","title":{"rendered":"Szent Bal\u00e1zs eml\u00e9knapja"},"content":{"rendered":"\n<p>A h\u00e9ten szerd\u00e1n (febru\u00e1r 3-\u00e1n) lesz <a rel=\"noreferrer noopener\" href=\"http:\/\/lexikon.katolikus.hu\/B\/Bal%C3%A1zs.html\" target=\"_blank\">Szent Bal\u00e1zs<\/a> p\u00fcsp\u00f6k \u00e9s v\u00e9rtan\u00fa eml\u00e9knapja, ez\u00e9rt az eml\u00e9knapon, illetve vas\u00e1rnap (febru\u00e1r 7-\u00e9n) is, a szentmis\u00e9t k\u00f6vet\u0151en Bal\u00e1zs-\u00e1ld\u00e1sban r\u00e9szes\u00fcl\u00fcnk majd!<\/p>\n","protected":false},"excerpt":{"rendered":"<p>A h\u00e9ten szerd\u00e1n (febru\u00e1r 3-\u00e1n) lesz Szent Bal\u00e1zs p\u00fcsp\u00f6k \u00e9s v\u00e9rtan\u00fa eml\u00e9knapja, ez\u00e9rt az eml\u00e9knapon, illetve vas\u00e1rnap (febru\u00e1r 7-\u00e9n) is, a szentmis\u00e9t k\u00f6vet\u0151en Bal\u00e1zs-\u00e1ld\u00e1sban r\u00e9szes\u00fcl\u00fcnk&#8230;<\/p>\n","protected":false},"author":2,"featured_media":0,"comment_status":"closed","ping_status":"open","sticky":false,"template":"","format":"standard","meta":[],"categories":[1,9,2],"tags":[],"_links":{"self":[{"href":"https:\/\/szentistvan.dnyem.hu\/index.php?rest_route=\/wp\/v2\/posts\/3662"}],"collection":[{"href":"https:\/\/szentistvan.dnyem.hu\/index.php?rest_route=\/wp\/v2\/posts"}],"about":[{"href":"https:\/\/szentistvan.dnyem.hu\/index.php?rest_route=\/wp\/v2\/types\/post"}],"author":[{"embeddable":true,"href":"https:\/\/szentistvan.dnyem.hu\/index.php?rest_route=\/wp\/v2\/users\/2"}],"replies":[{"embeddable":true,"href":"https:\/\/szentistvan.dnyem.hu\/index.php?rest_route=%2Fwp%2Fv2%2Fcomments&post=3662"}],"version-history":[{"count":1,"href":"https:\/\/szentistvan.dnyem.hu\/index.php?rest_route=\/wp\/v2\/posts\/3662\/revisions"}],"predecessor-version":[{"id":3663,"href":"https:\/\/szentistvan.dnyem.hu\/index.php?rest_route=\/wp\/v2\/posts\/3662\/revisions\/3663"}],"wp:attachment":[{"href":"https:\/\/szentistvan.dnyem.hu\/index.php?rest_route=%2Fwp%2Fv2%2Fmedia&parent=3662"}],"wp:term":[{"taxonomy":"category","embeddable":true,"href":"https:\/\/szentistvan.dnyem.hu\/index.php?rest_route=%2Fwp%2Fv2%2Fcategories&post=3662"},{"taxonomy":"post_tag","embeddable":true,"href":"https:\/\/szentistvan.dnyem.hu\/index.php?rest_route=%2Fwp%2Fv2%2Ftags&post=3662"}],"curies":[{"name":"wp","href":"https:\/\/api.w.org\/{rel}","templated":true}]}}