{"id":3658,"date":"2021-01-31T10:37:50","date_gmt":"2021-01-31T08:37:50","guid":{"rendered":"http:\/\/szentistvan.dnyem.hu\/?p=3658"},"modified":"2021-01-31T10:37:50","modified_gmt":"2021-01-31T08:37:50","slug":"gyertyaszentelo-boldogasszony-unnepe","status":"publish","type":"post","link":"https:\/\/szentistvan.dnyem.hu\/?p=3658","title":{"rendered":"Gyertyaszentel\u0151 Boldogasszony \u00fcnnepe"},"content":{"rendered":"\n<p>A h\u00e9ten kedden (febru\u00e1r 2-\u00e1n) lesz Urunk bemutat\u00e1s\u00e1nak, <a href=\"http:\/\/lexikon.katolikus.hu\/G\/Gyertyaszentel%C5%91%20Boldogasszony.html\" target=\"_blank\" rel=\"noreferrer noopener\">Gyertyaszentel\u0151 Boldogasszonynak<\/a> az \u00dcnnepe! Szentmise keret\u00e9ben t\u00f6rt\u00e9nik majd a hozott gyerty\u00e1k meg\u00e1ld\u00e1sa \u00e9s megszentel\u00e9se.<\/p>\n","protected":false},"excerpt":{"rendered":"<p>A h\u00e9ten kedden (febru\u00e1r 2-\u00e1n) lesz Urunk bemutat\u00e1s\u00e1nak, Gyertyaszentel\u0151 Boldogasszonynak az \u00dcnnepe! Szentmise keret\u00e9ben t\u00f6rt\u00e9nik majd a hozott gyerty\u00e1k meg\u00e1ld\u00e1sa \u00e9s megszentel\u00e9se.<\/p>\n","protected":false},"author":2,"featured_media":0,"comment_status":"closed","ping_status":"open","sticky":false,"template":"","format":"standard","meta":[],"categories":[1,9,2],"tags":[],"_links":{"self":[{"href":"https:\/\/szentistvan.dnyem.hu\/index.php?rest_route=\/wp\/v2\/posts\/3658"}],"collection":[{"href":"https:\/\/szentistvan.dnyem.hu\/index.php?rest_route=\/wp\/v2\/posts"}],"about":[{"href":"https:\/\/szentistvan.dnyem.hu\/index.php?rest_route=\/wp\/v2\/types\/post"}],"author":[{"embeddable":true,"href":"https:\/\/szentistvan.dnyem.hu\/index.php?rest_route=\/wp\/v2\/users\/2"}],"replies":[{"embeddable":true,"href":"https:\/\/szentistvan.dnyem.hu\/index.php?rest_route=%2Fwp%2Fv2%2Fcomments&post=3658"}],"version-history":[{"count":1,"href":"https:\/\/szentistvan.dnyem.hu\/index.php?rest_route=\/wp\/v2\/posts\/3658\/revisions"}],"predecessor-version":[{"id":3659,"href":"https:\/\/szentistvan.dnyem.hu\/index.php?rest_route=\/wp\/v2\/posts\/3658\/revisions\/3659"}],"wp:attachment":[{"href":"https:\/\/szentistvan.dnyem.hu\/index.php?rest_route=%2Fwp%2Fv2%2Fmedia&parent=3658"}],"wp:term":[{"taxonomy":"category","embeddable":true,"href":"https:\/\/szentistvan.dnyem.hu\/index.php?rest_route=%2Fwp%2Fv2%2Fcategories&post=3658"},{"taxonomy":"post_tag","embeddable":true,"href":"https:\/\/szentistvan.dnyem.hu\/index.php?rest_route=%2Fwp%2Fv2%2Ftags&post=3658"}],"curies":[{"name":"wp","href":"https:\/\/api.w.org\/{rel}","templated":true}]}}