{"id":3647,"date":"2021-01-24T13:41:26","date_gmt":"2021-01-24T11:41:26","guid":{"rendered":"http:\/\/szentistvan.dnyem.hu\/?p=3647"},"modified":"2021-01-24T13:41:26","modified_gmt":"2021-01-24T11:41:26","slug":"rendelt-naptarak-kalendariumok-atvetele","status":"publish","type":"post","link":"https:\/\/szentistvan.dnyem.hu\/?p=3647","title":{"rendered":"Rendelt napt\u00e1rak, kalend\u00e1riumok \u00e1tv\u00e9tele"},"content":{"rendered":"\n<p>K\u00e9rem azokat a Kedves Testv\u00e9reket, akik m\u00e9g rendeltek 2021-es falinapt\u00e1rt, illetve kalend\u00e1riumot, hogy a szentmis\u00e9k v\u00e9g\u00e9n f\u00e1radjanak majd a sekresty\u00e9be.<\/p>\n","protected":false},"excerpt":{"rendered":"<p>K\u00e9rem azokat a Kedves Testv\u00e9reket, akik m\u00e9g rendeltek 2021-es falinapt\u00e1rt, illetve kalend\u00e1riumot, hogy a szentmis\u00e9k v\u00e9g\u00e9n f\u00e1radjanak majd a sekresty\u00e9be.<\/p>\n","protected":false},"author":2,"featured_media":0,"comment_status":"closed","ping_status":"open","sticky":false,"template":"","format":"standard","meta":[],"categories":[1,2],"tags":[],"_links":{"self":[{"href":"https:\/\/szentistvan.dnyem.hu\/index.php?rest_route=\/wp\/v2\/posts\/3647"}],"collection":[{"href":"https:\/\/szentistvan.dnyem.hu\/index.php?rest_route=\/wp\/v2\/posts"}],"about":[{"href":"https:\/\/szentistvan.dnyem.hu\/index.php?rest_route=\/wp\/v2\/types\/post"}],"author":[{"embeddable":true,"href":"https:\/\/szentistvan.dnyem.hu\/index.php?rest_route=\/wp\/v2\/users\/2"}],"replies":[{"embeddable":true,"href":"https:\/\/szentistvan.dnyem.hu\/index.php?rest_route=%2Fwp%2Fv2%2Fcomments&post=3647"}],"version-history":[{"count":1,"href":"https:\/\/szentistvan.dnyem.hu\/index.php?rest_route=\/wp\/v2\/posts\/3647\/revisions"}],"predecessor-version":[{"id":3648,"href":"https:\/\/szentistvan.dnyem.hu\/index.php?rest_route=\/wp\/v2\/posts\/3647\/revisions\/3648"}],"wp:attachment":[{"href":"https:\/\/szentistvan.dnyem.hu\/index.php?rest_route=%2Fwp%2Fv2%2Fmedia&parent=3647"}],"wp:term":[{"taxonomy":"category","embeddable":true,"href":"https:\/\/szentistvan.dnyem.hu\/index.php?rest_route=%2Fwp%2Fv2%2Fcategories&post=3647"},{"taxonomy":"post_tag","embeddable":true,"href":"https:\/\/szentistvan.dnyem.hu\/index.php?rest_route=%2Fwp%2Fv2%2Ftags&post=3647"}],"curies":[{"name":"wp","href":"https:\/\/api.w.org\/{rel}","templated":true}]}}