{"id":3645,"date":"2021-01-24T13:40:02","date_gmt":"2021-01-24T11:40:02","guid":{"rendered":"http:\/\/szentistvan.dnyem.hu\/?p=3645"},"modified":"2021-01-24T14:26:13","modified_gmt":"2021-01-24T12:26:13","slug":"az-okumenikus-imahet-zaro-alkalma","status":"publish","type":"post","link":"https:\/\/szentistvan.dnyem.hu\/?p=3645","title":{"rendered":"Az \u00f6kumenikus imah\u00e9t z\u00e1r\u00f3 alkalma"},"content":{"rendered":"\n<p>Szeretettel aj\u00e1nlom a Kedves Testv\u00e9rek figyelm\u00e9be az <a href=\"http:\/\/meot.hu\/dokumentumok\/2020keresztyen\/ImahetiFuzet2021.pdf\" target=\"_blank\" rel=\"noreferrer noopener\">\u00f6kumenikus imah\u00e9t<\/a> <strong>janu\u00e1r 24<\/strong>-i z\u00e1r\u00f3 alkalm\u00e1t, melyet a <strong>Reform\u00e1tus Nagytemplomban<\/strong> tartanak, <strong>este 17:00-t\u00f3l!<\/strong><\/p>\n","protected":false},"excerpt":{"rendered":"<p>Szeretettel aj\u00e1nlom a Kedves Testv\u00e9rek figyelm\u00e9be az \u00f6kumenikus imah\u00e9t janu\u00e1r 24-i z\u00e1r\u00f3 alkalm\u00e1t, melyet a Reform\u00e1tus Nagytemplomban tartanak, este 17:00-t\u00f3l!<\/p>\n","protected":false},"author":2,"featured_media":0,"comment_status":"closed","ping_status":"open","sticky":false,"template":"","format":"standard","meta":[],"categories":[1,9,2],"tags":[],"_links":{"self":[{"href":"https:\/\/szentistvan.dnyem.hu\/index.php?rest_route=\/wp\/v2\/posts\/3645"}],"collection":[{"href":"https:\/\/szentistvan.dnyem.hu\/index.php?rest_route=\/wp\/v2\/posts"}],"about":[{"href":"https:\/\/szentistvan.dnyem.hu\/index.php?rest_route=\/wp\/v2\/types\/post"}],"author":[{"embeddable":true,"href":"https:\/\/szentistvan.dnyem.hu\/index.php?rest_route=\/wp\/v2\/users\/2"}],"replies":[{"embeddable":true,"href":"https:\/\/szentistvan.dnyem.hu\/index.php?rest_route=%2Fwp%2Fv2%2Fcomments&post=3645"}],"version-history":[{"count":3,"href":"https:\/\/szentistvan.dnyem.hu\/index.php?rest_route=\/wp\/v2\/posts\/3645\/revisions"}],"predecessor-version":[{"id":3653,"href":"https:\/\/szentistvan.dnyem.hu\/index.php?rest_route=\/wp\/v2\/posts\/3645\/revisions\/3653"}],"wp:attachment":[{"href":"https:\/\/szentistvan.dnyem.hu\/index.php?rest_route=%2Fwp%2Fv2%2Fmedia&parent=3645"}],"wp:term":[{"taxonomy":"category","embeddable":true,"href":"https:\/\/szentistvan.dnyem.hu\/index.php?rest_route=%2Fwp%2Fv2%2Fcategories&post=3645"},{"taxonomy":"post_tag","embeddable":true,"href":"https:\/\/szentistvan.dnyem.hu\/index.php?rest_route=%2Fwp%2Fv2%2Ftags&post=3645"}],"curies":[{"name":"wp","href":"https:\/\/api.w.org\/{rel}","templated":true}]}}