{"id":3581,"date":"2020-12-27T18:20:14","date_gmt":"2020-12-27T16:20:14","guid":{"rendered":"http:\/\/szentistvan.dnyem.hu\/?p=3581"},"modified":"2020-12-27T18:20:14","modified_gmt":"2020-12-27T16:20:14","slug":"vizkereszt-vizszenteles","status":"publish","type":"post","link":"https:\/\/szentistvan.dnyem.hu\/?p=3581","title":{"rendered":"V\u00edzkereszt, v\u00edzszentel\u00e9s"},"content":{"rendered":"\n<p>2021. janu\u00e1r 3-\u00e1n lesz a kar\u00e1csony ut\u00e1ni II. vas\u00e1rnap.<\/p>\n\n\n\n<p><strong><a href=\"http:\/\/lexikon.katolikus.hu\/V\/v%C3%ADzkereszt.html\">V\u00edzkereszt<\/a> \u00fcnnepe janu\u00e1r 6-\u00e1n, szerd\u00e1n lesz. Ekkor t\u00f6rt\u00e9nik a hagyom\u00e1nyos <a href=\"http:\/\/lexikon.katolikus.hu\/V\/v%C3%ADzszentel%C3%A9s.html\">v\u00edzszentel\u00e9s<\/a> is.<\/strong><\/p>\n","protected":false},"excerpt":{"rendered":"<p>2021. janu\u00e1r 3-\u00e1n lesz a kar\u00e1csony ut\u00e1ni II. vas\u00e1rnap. V\u00edzkereszt \u00fcnnepe janu\u00e1r 6-\u00e1n, szerd\u00e1n lesz. Ekkor t\u00f6rt\u00e9nik a hagyom\u00e1nyos v\u00edzszentel\u00e9s is.<\/p>\n","protected":false},"author":2,"featured_media":0,"comment_status":"closed","ping_status":"open","sticky":false,"template":"","format":"standard","meta":[],"categories":[1,9,2],"tags":[],"_links":{"self":[{"href":"https:\/\/szentistvan.dnyem.hu\/index.php?rest_route=\/wp\/v2\/posts\/3581"}],"collection":[{"href":"https:\/\/szentistvan.dnyem.hu\/index.php?rest_route=\/wp\/v2\/posts"}],"about":[{"href":"https:\/\/szentistvan.dnyem.hu\/index.php?rest_route=\/wp\/v2\/types\/post"}],"author":[{"embeddable":true,"href":"https:\/\/szentistvan.dnyem.hu\/index.php?rest_route=\/wp\/v2\/users\/2"}],"replies":[{"embeddable":true,"href":"https:\/\/szentistvan.dnyem.hu\/index.php?rest_route=%2Fwp%2Fv2%2Fcomments&post=3581"}],"version-history":[{"count":1,"href":"https:\/\/szentistvan.dnyem.hu\/index.php?rest_route=\/wp\/v2\/posts\/3581\/revisions"}],"predecessor-version":[{"id":3582,"href":"https:\/\/szentistvan.dnyem.hu\/index.php?rest_route=\/wp\/v2\/posts\/3581\/revisions\/3582"}],"wp:attachment":[{"href":"https:\/\/szentistvan.dnyem.hu\/index.php?rest_route=%2Fwp%2Fv2%2Fmedia&parent=3581"}],"wp:term":[{"taxonomy":"category","embeddable":true,"href":"https:\/\/szentistvan.dnyem.hu\/index.php?rest_route=%2Fwp%2Fv2%2Fcategories&post=3581"},{"taxonomy":"post_tag","embeddable":true,"href":"https:\/\/szentistvan.dnyem.hu\/index.php?rest_route=%2Fwp%2Fv2%2Ftags&post=3581"}],"curies":[{"name":"wp","href":"https:\/\/api.w.org\/{rel}","templated":true}]}}