{"id":3508,"date":"2020-11-23T20:29:18","date_gmt":"2020-11-23T18:29:18","guid":{"rendered":"http:\/\/szentistvan.dnyem.hu\/?p=3508"},"modified":"2020-11-23T20:29:18","modified_gmt":"2020-11-23T18:29:18","slug":"rorate-3","status":"publish","type":"post","link":"https:\/\/szentistvan.dnyem.hu\/?p=3508","title":{"rendered":"Rorate"},"content":{"rendered":"\n<p>Az adventi id\u0151szak h\u00e9tk\u00f6znapjain <a href=\"http:\/\/lexikon.katolikus.hu\/H\/hajnali%20mise.html\">rorate<\/a> szentmis\u00e9ket v\u00e9gz\u00fcnk, reggel 6 \u00f3r\u00e1t\u00f3l.  (Rem\u00e9lj\u00fck, a j\u00e1rv\u00e1nyhelyzet is lehet\u0151v\u00e9 teszi.) <\/p>\n","protected":false},"excerpt":{"rendered":"<p>Az adventi id\u0151szak h\u00e9tk\u00f6znapjain rorate szentmis\u00e9ket v\u00e9gz\u00fcnk, reggel 6 \u00f3r\u00e1t\u00f3l. (Rem\u00e9lj\u00fck, a j\u00e1rv\u00e1nyhelyzet is lehet\u0151v\u00e9 teszi.)<\/p>\n","protected":false},"author":2,"featured_media":0,"comment_status":"closed","ping_status":"open","sticky":false,"template":"","format":"standard","meta":[],"categories":[1,9,2],"tags":[],"_links":{"self":[{"href":"https:\/\/szentistvan.dnyem.hu\/index.php?rest_route=\/wp\/v2\/posts\/3508"}],"collection":[{"href":"https:\/\/szentistvan.dnyem.hu\/index.php?rest_route=\/wp\/v2\/posts"}],"about":[{"href":"https:\/\/szentistvan.dnyem.hu\/index.php?rest_route=\/wp\/v2\/types\/post"}],"author":[{"embeddable":true,"href":"https:\/\/szentistvan.dnyem.hu\/index.php?rest_route=\/wp\/v2\/users\/2"}],"replies":[{"embeddable":true,"href":"https:\/\/szentistvan.dnyem.hu\/index.php?rest_route=%2Fwp%2Fv2%2Fcomments&post=3508"}],"version-history":[{"count":1,"href":"https:\/\/szentistvan.dnyem.hu\/index.php?rest_route=\/wp\/v2\/posts\/3508\/revisions"}],"predecessor-version":[{"id":3509,"href":"https:\/\/szentistvan.dnyem.hu\/index.php?rest_route=\/wp\/v2\/posts\/3508\/revisions\/3509"}],"wp:attachment":[{"href":"https:\/\/szentistvan.dnyem.hu\/index.php?rest_route=%2Fwp%2Fv2%2Fmedia&parent=3508"}],"wp:term":[{"taxonomy":"category","embeddable":true,"href":"https:\/\/szentistvan.dnyem.hu\/index.php?rest_route=%2Fwp%2Fv2%2Fcategories&post=3508"},{"taxonomy":"post_tag","embeddable":true,"href":"https:\/\/szentistvan.dnyem.hu\/index.php?rest_route=%2Fwp%2Fv2%2Ftags&post=3508"}],"curies":[{"name":"wp","href":"https:\/\/api.w.org\/{rel}","templated":true}]}}