{"id":3506,"date":"2020-11-23T20:26:29","date_gmt":"2020-11-23T18:26:29","guid":{"rendered":"http:\/\/szentistvan.dnyem.hu\/?p=3506"},"modified":"2020-11-23T20:26:29","modified_gmt":"2020-11-23T18:26:29","slug":"advent","status":"publish","type":"post","link":"https:\/\/szentistvan.dnyem.hu\/?p=3506","title":{"rendered":"Advent"},"content":{"rendered":"\n<p>November 22-\u00e9n, <a href=\"http:\/\/lexikon.katolikus.hu\/K\/Krisztus%20Kir%C3%A1ly%20vas%C3%A1rnapja.html\">Krisztus Kir\u00e1ly vas\u00e1rnapj\u00e1n<\/a> volt az <a href=\"http:\/\/lexikon.katolikus.hu\/E\/egyh%C3%A1zi%20%C3%A9v.html\">egyh\u00e1zi \u00e9v<\/a> utols\u00f3 vas\u00e1rnapja. November 29-\u00e9n lesz <a href=\"http:\/\/lexikon.katolikus.hu\/A\/%C3%A1dvent.html\">advent<\/a> 1. vas\u00e1rnapja \u00e9s elkezd\u0151dik egy \u00faj egyh\u00e1zi \u00e9v.<\/p>\n","protected":false},"excerpt":{"rendered":"<p>November 22-\u00e9n, Krisztus Kir\u00e1ly vas\u00e1rnapj\u00e1n volt az egyh\u00e1zi \u00e9v utols\u00f3 vas\u00e1rnapja. November 29-\u00e9n lesz advent 1. vas\u00e1rnapja \u00e9s elkezd\u0151dik egy \u00faj egyh\u00e1zi \u00e9v.<\/p>\n","protected":false},"author":2,"featured_media":0,"comment_status":"closed","ping_status":"open","sticky":false,"template":"","format":"standard","meta":[],"categories":[1,9],"tags":[],"_links":{"self":[{"href":"https:\/\/szentistvan.dnyem.hu\/index.php?rest_route=\/wp\/v2\/posts\/3506"}],"collection":[{"href":"https:\/\/szentistvan.dnyem.hu\/index.php?rest_route=\/wp\/v2\/posts"}],"about":[{"href":"https:\/\/szentistvan.dnyem.hu\/index.php?rest_route=\/wp\/v2\/types\/post"}],"author":[{"embeddable":true,"href":"https:\/\/szentistvan.dnyem.hu\/index.php?rest_route=\/wp\/v2\/users\/2"}],"replies":[{"embeddable":true,"href":"https:\/\/szentistvan.dnyem.hu\/index.php?rest_route=%2Fwp%2Fv2%2Fcomments&post=3506"}],"version-history":[{"count":1,"href":"https:\/\/szentistvan.dnyem.hu\/index.php?rest_route=\/wp\/v2\/posts\/3506\/revisions"}],"predecessor-version":[{"id":3507,"href":"https:\/\/szentistvan.dnyem.hu\/index.php?rest_route=\/wp\/v2\/posts\/3506\/revisions\/3507"}],"wp:attachment":[{"href":"https:\/\/szentistvan.dnyem.hu\/index.php?rest_route=%2Fwp%2Fv2%2Fmedia&parent=3506"}],"wp:term":[{"taxonomy":"category","embeddable":true,"href":"https:\/\/szentistvan.dnyem.hu\/index.php?rest_route=%2Fwp%2Fv2%2Fcategories&post=3506"},{"taxonomy":"post_tag","embeddable":true,"href":"https:\/\/szentistvan.dnyem.hu\/index.php?rest_route=%2Fwp%2Fv2%2Ftags&post=3506"}],"curies":[{"name":"wp","href":"https:\/\/api.w.org\/{rel}","templated":true}]}}